{"id":228136,"date":"2026-07-14T16:18:08","date_gmt":"2026-07-14T16:18:08","guid":{"rendered":"https:\/\/www.europesays.com\/ee\/228136\/"},"modified":"2026-07-14T16:18:08","modified_gmt":"2026-07-14T16:18:08","slug":"koigest-alla-aasta-ametis-olnud-ministrid-astuvad-tagasi-mis-on-ukraina-akilise-valitsusevahetuse-taga-delfi","status":"publish","type":"post","link":"https:\/\/www.europesays.com\/ee\/228136\/","title":{"rendered":"K\u00f5igest alla aasta ametis olnud ministrid astuvad tagasi. Mis on Ukraina \u00e4kilise valitsusevahetuse taga? &#8211; Delfi"},"content":{"rendered":"<ol>\n<li><a href=\"https:\/\/news.google.com\/rss\/articles\/CBMi2gFBVV95cUxQSnVlSHJCWW51WU9MeTZyek9ZQ2djRTM0Y01RWGJzcDdNekFzS0h3V3BfWkYtWDhDajJjaHlvOHU0ZHJvMllFT2otLWRDLUZFcm5HazVJbDktdlFZZXd5MW9tam50VGFUc3ZPUFNUazY2N21zRFN0aEJxYTdNeDJKTkZMWkdnOVM3RmZFc0phZk5yclF2b1lBSWRFY0MtellPWTN0S2hReVNpc3QzbTcwd2JUcUVhdjA3eWRrN0gwdDE2TzNpVnFPLVMtTE5wRGZCTWJlajVuUXdNUQ?oc=5\" target=\"_blank\" rel=\"nofollow noopener\">K\u00f5igest alla aasta ametis olnud ministrid astuvad tagasi. Mis on Ukraina \u00e4kilise valitsusevahetuse taga?<\/a>&nbsp;&nbsp;Delfi<\/li>\n<li><a href=\"https:\/\/news.google.com\/rss\/articles\/CBMiggFBVV95cUxOVFlSZ21rY3JwX01oT1lrMl8wTzZzRC03R2RueGhlX0FMbnFZVGZNOEZKTkt6amtLSHN2dWxVSjJVM0QyajhFaWlJNGpGaGhYOHdBM2lBUy1sVmV6ZldtdmpKR0dtb19TSUFjR2RKQVNKR0tOUHZEaHpNcUl0WXo1Uy13?oc=5\" target=\"_blank\" rel=\"nofollow noopener\">Ukraina peaminister teatas ametist lahkumisest<\/a>&nbsp;&nbsp;ERR<\/li>\n<li><a href=\"https:\/\/news.google.com\/rss\/articles\/CBMiP0FVX3lxTE5rNlVKUXBrM0RReWNkcUtMbEgwbngtVDlOMC1LcUpmV1EweHMyUGpkRnBRN01HMDhlb0hsS3pKZw?oc=5\" target=\"_blank\" rel=\"nofollow noopener\">Allikad: peamine kandidaat Ukraina peaministriks on Serhi Koretski<\/a>&nbsp;&nbsp;Uudis.net<\/li>\n<li><a href=\"https:\/\/news.google.com\/rss\/articles\/CBMi8AFBVV95cUxQenpPbUE4R0Y0ODNtNjdHVzh1bXlRWGdHVGU1WEtzMlZMOWVWSjYxMVJ5cGxtVFQ5UXh1WE1PX213d0NCd21QZzdyaWdDRldWbWRYODhlVHJQSEl6VWFrdVRkZ1VBQjN6Qm9iSHIzU19NeERwaDM0V3lqbVN3OVBITUYyaUhsdDN5Y1oxQlhvbkhYSG5SQkR1bUMxZGxtR2oyeW9UZGZNX2x4MFNsZEZvajhFb0Jva0VwZ0haQ1JwVWZYOW8zZC1iNmp6SExXU2F1cWVpMXZscUVtVGExU2N3LW4zZDNDT0NoS1p1NW9FZFA?oc=5\" target=\"_blank\" rel=\"nofollow noopener\">RAINER SAKS Ukrainas pole valimisi toimunud ja poliitiline olukord on komplitseeritud. Kellest saab Ukraina uus peaminister?<\/a>&nbsp;&nbsp;Postimees<\/li>\n<li><a href=\"https:\/\/news.google.com\/rss\/articles\/CBMiugFBVV95cUxOZG9sa0E2RHh3NWlEWUpHMExlVTVNOFhHU19MckY2aHpoZEVIOE1hb1lfMFRSRTdUMWZ6S1E0R0xyWkNPaGRTZTRkUzhCaFFwWDFWVDA0MC15bWpuRGtJa0tnWWszaEF0WnJMWHlhbzVGSlBKTTRpNzJXSzRpWkNtMW80RDd1d2Vlc1lhSFJ1d3lIVVdLTEh4cld1T1VYZGZrTDRyOFZmWDBGSHQ3X2xYa0V0aGZ4aDNqMlE?oc=5\" target=\"_blank\" rel=\"nofollow noopener\">S\u00d5JAP\u00c4EVIK (1600. p\u00e4ev) | Vene Punane Rist alustab Krimmis humanitaarmissiooni<\/a>&nbsp;&nbsp;Eesti Ekspress<\/li>\n<\/ol>\n","protected":false},"excerpt":{"rendered":"K\u00f5igest alla aasta ametis olnud ministrid astuvad tagasi. Mis on Ukraina \u00e4kilise valitsusevahetuse taga?&nbsp;&nbsp;Delfi Ukraina peaminister teatas ametist&hellip;\n","protected":false},"author":2,"featured_media":228137,"comment_status":"","ping_status":"","sticky":false,"template":"","format":"standard","meta":{"footnotes":"","_share_on_mastodon":"0"},"categories":[5],"tags":[26,27,37,33,35,34,36,31,32,21,8816,1208,28,29,19,4557,25,23,24,22,20,30,263],"class_list":["post-228136","post","type-post","status-publish","format-standard","has-post-thumbnail","category-uldised-uudised","tag-breaking-news","tag-breakingnews","tag-ee","tag-eesti","tag-eesti-keel","tag-estonia","tag-estonian","tag-featured-news","tag-featurednews","tag-headlines","tag-julia-svorodenko","tag-kiiev","tag-latest-news","tag-latestnews","tag-news","tag-oleksandr-sorskoi","tag-populaarseimad-lood","tag-top-stories","tag-topstories","tag-uldised-uudised","tag-uudised","tag-viimased-uudised","tag-volodomor-zelenskoi"],"share_on_mastodon":{"url":"https:\/\/pubeurope.com\/@ee\/116919238901943743","error":""},"_links":{"self":[{"href":"https:\/\/www.europesays.com\/ee\/wp-json\/wp\/v2\/posts\/228136","targetHints":{"allow":["GET"]}}],"collection":[{"href":"https:\/\/www.europesays.com\/ee\/wp-json\/wp\/v2\/posts"}],"about":[{"href":"https:\/\/www.europesays.com\/ee\/wp-json\/wp\/v2\/types\/post"}],"author":[{"embeddable":true,"href":"https:\/\/www.europesays.com\/ee\/wp-json\/wp\/v2\/users\/2"}],"replies":[{"embeddable":true,"href":"https:\/\/www.europesays.com\/ee\/wp-json\/wp\/v2\/comments?post=228136"}],"version-history":[{"count":0,"href":"https:\/\/www.europesays.com\/ee\/wp-json\/wp\/v2\/posts\/228136\/revisions"}],"wp:featuredmedia":[{"embeddable":true,"href":"https:\/\/www.europesays.com\/ee\/wp-json\/wp\/v2\/media\/228137"}],"wp:attachment":[{"href":"https:\/\/www.europesays.com\/ee\/wp-json\/wp\/v2\/media?parent=228136"}],"wp:term":[{"taxonomy":"category","embeddable":true,"href":"https:\/\/www.europesays.com\/ee\/wp-json\/wp\/v2\/categories?post=228136"},{"taxonomy":"post_tag","embeddable":true,"href":"https:\/\/www.europesays.com\/ee\/wp-json\/wp\/v2\/tags?post=228136"}],"curies":[{"name":"wp","href":"https:\/\/api.w.org\/{rel}","templated":true}]}}