{"id":228436,"date":"2026-07-15T05:42:14","date_gmt":"2026-07-15T05:42:14","guid":{"rendered":"https:\/\/www.europesays.com\/ee\/228436\/"},"modified":"2026-07-15T05:42:14","modified_gmt":"2026-07-15T05:42:14","slug":"louna-aafrika-kasitoohuviline-naaseb-koju-viljandis-ommeldud-kihnu-sitsijakis","status":"publish","type":"post","link":"https:\/\/www.europesays.com\/ee\/228436\/","title":{"rendered":"L\u00f5una-Aafrika k\u00e4sit\u00f6\u00f6huviline naaseb koju Viljandis \u00f5mmeldud Kihnu sitsijakis"},"content":{"rendered":"<p>&#8220;Olen siin t\u00e4nu Google&#8217;ile,&#8221; \u00fctles L\u00f5una-Aafrika Vabariigist laagrisse tulnud Sandra. Tikkimine on ta armastatuim hobi ning k\u00e4sit\u00f6\u00f6infot otsides ta selle laagrini j\u00f5udiski. Viljandisse tuli ta koos oma \u00f5e Lindaga, kes elab samuti L\u00f5una-Aafrika Vabariigis, ent kodumaal lahutab neid teineteisest 1300 kilomeetrit. &#8220;Siin saame olla koos. Viimati saime koos k\u00e4sit\u00f6\u00f6d teha 15 aastat tagasi,&#8221; r\u00e4\u00e4kis Sandra.<\/p>\n","protected":false},"excerpt":{"rendered":"&#8220;Olen siin t\u00e4nu Google&#8217;ile,&#8221; \u00fctles L\u00f5una-Aafrika Vabariigist laagrisse tulnud Sandra. Tikkimine on ta armastatuim hobi ning k\u00e4sit\u00f6\u00f6infot otsides&hellip;\n","protected":false},"author":2,"featured_media":228437,"comment_status":"","ping_status":"","sticky":false,"template":"","format":"standard","meta":{"footnotes":"","_share_on_mastodon":"0"},"categories":[5],"tags":[622,26,27,37,33,35,34,36,31,32,1780,21,1781,28,29,1778,1773,19,1774,25,1771,1779,23,24,196,22,20,30,986,1782,1776,1777,1775,1772,1784,1785,1783,598],"class_list":["post-228436","post","type-post","status-publish","format-standard","has-post-thumbnail","category-uldised-uudised","tag-ajakirjandus","tag-breaking-news","tag-breakingnews","tag-ee","tag-eesti","tag-eesti-keel","tag-estonia","tag-estonian","tag-featured-news","tag-featurednews","tag-folk","tag-headlines","tag-kultuuriakadeemia","tag-latest-news","tag-latestnews","tag-mulgi-vald","tag-mulgimaa","tag-news","tag-pohja-sakala","tag-populaarseimad-lood","tag-sakala","tag-soomaa","tag-top-stories","tag-topstories","tag-ugala","tag-uldised-uudised","tag-uudised","tag-viimased-uudised","tag-viljandi","tag-viljandi-haigla","tag-viljandi-linn","tag-viljandi-uudised","tag-viljandi-vald","tag-viljandimaa","tag-viljandimaa-ettevotlus","tag-viljandimaa-sundmused","tag-viljandimaa-uudised","tag-vortsjarv"],"share_on_mastodon":{"url":"","error":"Validation failed: Text character limit of 500 exceeded"},"_links":{"self":[{"href":"https:\/\/www.europesays.com\/ee\/wp-json\/wp\/v2\/posts\/228436","targetHints":{"allow":["GET"]}}],"collection":[{"href":"https:\/\/www.europesays.com\/ee\/wp-json\/wp\/v2\/posts"}],"about":[{"href":"https:\/\/www.europesays.com\/ee\/wp-json\/wp\/v2\/types\/post"}],"author":[{"embeddable":true,"href":"https:\/\/www.europesays.com\/ee\/wp-json\/wp\/v2\/users\/2"}],"replies":[{"embeddable":true,"href":"https:\/\/www.europesays.com\/ee\/wp-json\/wp\/v2\/comments?post=228436"}],"version-history":[{"count":0,"href":"https:\/\/www.europesays.com\/ee\/wp-json\/wp\/v2\/posts\/228436\/revisions"}],"wp:featuredmedia":[{"embeddable":true,"href":"https:\/\/www.europesays.com\/ee\/wp-json\/wp\/v2\/media\/228437"}],"wp:attachment":[{"href":"https:\/\/www.europesays.com\/ee\/wp-json\/wp\/v2\/media?parent=228436"}],"wp:term":[{"taxonomy":"category","embeddable":true,"href":"https:\/\/www.europesays.com\/ee\/wp-json\/wp\/v2\/categories?post=228436"},{"taxonomy":"post_tag","embeddable":true,"href":"https:\/\/www.europesays.com\/ee\/wp-json\/wp\/v2\/tags?post=228436"}],"curies":[{"name":"wp","href":"https:\/\/api.w.org\/{rel}","templated":true}]}}