{"id":228451,"date":"2026-07-15T06:00:18","date_gmt":"2026-07-15T06:00:18","guid":{"rendered":"https:\/\/www.europesays.com\/ee\/228451\/"},"modified":"2026-07-15T06:00:18","modified_gmt":"2026-07-15T06:00:18","slug":"norra-viiking-erling-haaland-on-2026-aasta-mm-i-sumbol","status":"publish","type":"post","link":"https:\/\/www.europesays.com\/ee\/228451\/","title":{"rendered":"Norra viiking Erling Haaland on 2026. aasta MM-i s\u00fcmbol"},"content":{"rendered":"<p>Avalikkuse poolehoiu v\u00f5itnud mees on t\u00e4helepanuga harjunud. Esiteks sellep\u00e4rast, et ta on 196 sentimeetrit pikk. Teiseks sellep\u00e4rast, et tal on blondid inglilokid, mis \u00fctleb suure mehem\u00fcraka kohta nii m\u00f5ndagi. Ent tal on ka peen stiilitaju, n\u00e4iteks v\u00e4ljakul seob v\u00e4raval\u00f6\u00f6ja oma blondid juuksed krunni Korea-Norra kaubam\u00e4rgi Kknekki juuksekummiga.<\/p>\n<p>Oled juba tellija?Logi sisse<\/p>\n","protected":false},"excerpt":{"rendered":"Avalikkuse poolehoiu v\u00f5itnud mees on t\u00e4helepanuga harjunud. Esiteks sellep\u00e4rast, et ta on 196 sentimeetrit pikk. Teiseks sellep\u00e4rast, et&hellip;\n","protected":false},"author":2,"featured_media":228452,"comment_status":"","ping_status":"","sticky":false,"template":"","format":"standard","meta":{"footnotes":"","_share_on_mastodon":"0"},"categories":[18],"tags":[37,33,35,41339,92067,34,36,92064,92065,92066,15467,159,158,2928,4213],"class_list":["post-228451","post","type-post","status-publish","format-standard","has-post-thumbnail","category-sport","tag-ee","tag-eesti","tag-eesti-keel","tag-eesti-naine","tag-elupildid","tag-estonia","tag-estonian","tag-kaanestaar","tag-moe-ja-ilunipid","tag-nostalgialood","tag-retseptid","tag-sport","tag-sports","tag-suhted","tag-vaimne-tervis"],"share_on_mastodon":{"url":"https:\/\/pubeurope.com\/@ee\/116922471057845790","error":""},"_links":{"self":[{"href":"https:\/\/www.europesays.com\/ee\/wp-json\/wp\/v2\/posts\/228451","targetHints":{"allow":["GET"]}}],"collection":[{"href":"https:\/\/www.europesays.com\/ee\/wp-json\/wp\/v2\/posts"}],"about":[{"href":"https:\/\/www.europesays.com\/ee\/wp-json\/wp\/v2\/types\/post"}],"author":[{"embeddable":true,"href":"https:\/\/www.europesays.com\/ee\/wp-json\/wp\/v2\/users\/2"}],"replies":[{"embeddable":true,"href":"https:\/\/www.europesays.com\/ee\/wp-json\/wp\/v2\/comments?post=228451"}],"version-history":[{"count":0,"href":"https:\/\/www.europesays.com\/ee\/wp-json\/wp\/v2\/posts\/228451\/revisions"}],"wp:featuredmedia":[{"embeddable":true,"href":"https:\/\/www.europesays.com\/ee\/wp-json\/wp\/v2\/media\/228452"}],"wp:attachment":[{"href":"https:\/\/www.europesays.com\/ee\/wp-json\/wp\/v2\/media?parent=228451"}],"wp:term":[{"taxonomy":"category","embeddable":true,"href":"https:\/\/www.europesays.com\/ee\/wp-json\/wp\/v2\/categories?post=228451"},{"taxonomy":"post_tag","embeddable":true,"href":"https:\/\/www.europesays.com\/ee\/wp-json\/wp\/v2\/tags?post=228451"}],"curies":[{"name":"wp","href":"https:\/\/api.w.org\/{rel}","templated":true}]}}