{"id":228521,"date":"2026-07-15T07:38:10","date_gmt":"2026-07-15T07:38:10","guid":{"rendered":"https:\/\/www.europesays.com\/ee\/228521\/"},"modified":"2026-07-15T07:38:10","modified_gmt":"2026-07-15T07:38:10","slug":"silver-laas-me-pole-kunagi-trafficuga-koik-koos-stuudios-jamminud-raadio-2","status":"publish","type":"post","link":"https:\/\/www.europesays.com\/ee\/228521\/","title":{"rendered":"Silver Laas: me pole kunagi Trafficuga k\u00f5ik koos stuudios j\u00e4mminud | Raadio 2"},"content":{"rendered":"<p>Ansambli Traffic solist Silver Laas r\u00e4\u00e4kis Raadio 2 hommikuprogrammis, et ansambli lood s\u00fcnnivad peamiselt b\u00e4ndiliikmete enda nokitsemise k\u00e4igus ning \u00fcheskoos stuudios pole lugusid taga aetud.<\/p>\n<p>Suvel on ansambliliikmed v\u00f5imalikult palju suvilates, aga tuleb ka esinemas k\u00e4ia. &#8220;Suhteliselt loll oleks b\u00e4ndina juulis mitte esineda. Kasv\u00f5i finantsiliselt oleks see v\u00e4ga loll otsus,&#8221; r\u00e4\u00e4kis Laas.<\/p>\n<p>Kuigi paljud kontserdid on pikemalt ette teada, siis tuleb ette ka kiirreageerimist. &#8220;Oleme siin-seal laiali ja seal vanuses ka juba vaikselt, et v\u00f5iks mitte niisama Grindil olla, vaid kuskil \u0161a\u0161l\u00f5kikest sussutada s\u00e4\u00e4skedega. Enamusi kontserte saab planeerida, aga vahel tuleb ka vurinal m\u00f6\u00f6da Eestit kokku tulla ja kohale tulla. Olen l\u00e4inud suvilasse ja v\u00f5tnud igaks juhuks kaasa musta t-s\u00e4rgi ja mustad p\u00fcksid. Meil on selline minimalistlik \u0161\u00f5u,&#8221; selgitas Laas.<\/p>\n<p>&#8220;Ja kui pead ei j\u00f5ua pesta, siis paned m\u00fctsi p\u00e4he ja l\u00e4hed,&#8221; lisas Laas. B\u00e4ndi tehniline varustus on k\u00f5ik laos ja samuti valmis v\u00e4ljasaatmiseks. Proove teeb Traffic t\u00e4nap\u00e4eval harva: vastavalt vajadusele, aga mitte regulaarselt.<\/p>\n<p>&#8220;Vaja on siis, kui tuleb uus lugu. Siis on vaja hakata seda sisse m\u00e4ngima. V\u00f5i on mingid muud projektid. Igan\u00e4dalast me proovi ei tee. Oleme iga n\u00e4dal laval nii palju, et pole vist point&#8217;i teha,&#8221; m\u00e4rkis ta.<\/p>\n<p>Traffic tuligi \u00e4sja v\u00e4lja uue looga, mis kannab nime &#8220;Husqvarna&#8221;. &#8220;Tegemist ei ole reklaamkampaaniaga ja meid ei seo Husqvarna br\u00e4ndiga mitte midagi. Husqvarna on tegelikult ju hoopis linn Rootsis. Vana, tore ja vahva linn.&#8221;<\/p>\n<p>&#8220;See on mingil m\u00e4\u00e4ral ka s\u00f5nam\u00e4ng. Kogu see lugu s\u00fcndis umbes kahe tunniga. Hakkasime Stigiga koos tegema stuudiosessiooni, plaanis oli hoopis \u00fcks teine demo sisse \u00e4ra teha, aga siis Stig oli terve p\u00e4ev teinud aiat\u00f6\u00f6d. Ja isegi mitte Husqvarna asjadega. Siis ta tuhises stuudiosse sisse ja \u00fctles, et tal tuli selline asi p\u00e4he: &#8220;Husqvarna, Husqvarna, l\u00f5ikan maha k\u00f5ik su s\u00f5rmed ja ka varbad&#8221;.&#8221;<\/p>\n<p>Trafficu liige ja uue loo kaasautor Stig R\u00e4sta t\u00f5des Mihkel Raua juhitud muusikadokumentaalis, et b\u00e4ndina koos kirjutamine on v\u00e4sitav. K\u00f5ik koos stuudios ei pusi ka Traffic. &#8220;Algusest peale ei ole vist sellist asja olnud. On nii, et keegi ise pusib midagi ja annab teisele \u00fcle. On ka neid laagreid olnud, kus erinevates tubades m\u00f5tleme Trafficule lugusid. Ma ei tea, miks me koos pole j\u00e4mminud,&#8221; selgitas Laas.<\/p>\n<p>Laas ise tunneb ennast k\u00f5ige kodusemalt klaveri peal. &#8220;Olen seda k\u00f5ige rohkem elu jooksul harjutanud ja \u00f5ppinud,&#8221; m\u00e4rkis Laas.<\/p>\n","protected":false},"excerpt":{"rendered":"Ansambli Traffic solist Silver Laas r\u00e4\u00e4kis Raadio 2 hommikuprogrammis, et ansambli lood s\u00fcnnivad peamiselt b\u00e4ndiliikmete enda nokitsemise k\u00e4igus&hellip;\n","protected":false},"author":2,"featured_media":228522,"comment_status":"","ping_status":"","sticky":false,"template":"","format":"standard","meta":{"footnotes":"","_share_on_mastodon":"0"},"categories":[16],"tags":[37,33,35,173,34,36,140,4759,4758],"class_list":["post-228521","post","type-post","status-publish","format-standard","has-post-thumbnail","category-meelelahutus","tag-ee","tag-eesti","tag-eesti-keel","tag-entertainment","tag-estonia","tag-estonian","tag-meelelahutus","tag-silver-laas","tag-traffic"],"share_on_mastodon":{"url":"https:\/\/pubeurope.com\/@ee\/116922856587166300","error":""},"_links":{"self":[{"href":"https:\/\/www.europesays.com\/ee\/wp-json\/wp\/v2\/posts\/228521","targetHints":{"allow":["GET"]}}],"collection":[{"href":"https:\/\/www.europesays.com\/ee\/wp-json\/wp\/v2\/posts"}],"about":[{"href":"https:\/\/www.europesays.com\/ee\/wp-json\/wp\/v2\/types\/post"}],"author":[{"embeddable":true,"href":"https:\/\/www.europesays.com\/ee\/wp-json\/wp\/v2\/users\/2"}],"replies":[{"embeddable":true,"href":"https:\/\/www.europesays.com\/ee\/wp-json\/wp\/v2\/comments?post=228521"}],"version-history":[{"count":0,"href":"https:\/\/www.europesays.com\/ee\/wp-json\/wp\/v2\/posts\/228521\/revisions"}],"wp:featuredmedia":[{"embeddable":true,"href":"https:\/\/www.europesays.com\/ee\/wp-json\/wp\/v2\/media\/228522"}],"wp:attachment":[{"href":"https:\/\/www.europesays.com\/ee\/wp-json\/wp\/v2\/media?parent=228521"}],"wp:term":[{"taxonomy":"category","embeddable":true,"href":"https:\/\/www.europesays.com\/ee\/wp-json\/wp\/v2\/categories?post=228521"},{"taxonomy":"post_tag","embeddable":true,"href":"https:\/\/www.europesays.com\/ee\/wp-json\/wp\/v2\/tags?post=228521"}],"curies":[{"name":"wp","href":"https:\/\/api.w.org\/{rel}","templated":true}]}}