{"id":228539,"date":"2026-07-15T07:54:19","date_gmt":"2026-07-15T07:54:19","guid":{"rendered":"https:\/\/www.europesays.com\/ee\/228539\/"},"modified":"2026-07-15T07:54:19","modified_gmt":"2026-07-15T07:54:19","slug":"galerii-parnu-rannas-toimus-13-beach-grind-muusika","status":"publish","type":"post","link":"https:\/\/www.europesays.com\/ee\/228539\/","title":{"rendered":"Galerii: P\u00e4rnu rannas toimus 13. Beach Grind | Muusika"},"content":{"rendered":"<p>9.\u201311. toimus P\u00e4rnus muusikafestival Beach Grind.<\/p>\n<p>T\u00e4navu P\u00e4rnu rannaalal ja nn d\u00fc\u00fcnis toimunud festivalil astusid kahe p\u00e4eva jooksul \u00fcles Afrojack, James Hype, Robin Schulz, Vini Vici, Wilkinson, Sadu, Tommy Cash, Nublu ja paljud teised.<\/p>\n<p>Festivalil k\u00e4is m\u00f5lemal p\u00e4eval \u00fcle 10 000 inimese.<\/p>\n<p>Peamiselt EDM-ile ehk elektroonilisele tantsumuusikale keskenduv suvefestival toimus t\u00e4navu 13. korda.<\/p>\n","protected":false},"excerpt":{"rendered":"9.\u201311. toimus P\u00e4rnus muusikafestival Beach Grind. T\u00e4navu P\u00e4rnu rannaalal ja nn d\u00fc\u00fcnis toimunud festivalil astusid kahe p\u00e4eva jooksul&hellip;\n","protected":false},"author":2,"featured_media":228540,"comment_status":"","ping_status":"","sticky":false,"template":"","format":"standard","meta":{"footnotes":"","_share_on_mastodon":"0"},"categories":[5],"tags":[58044,16517,58046,26,27,37,33,35,34,36,31,32,21,91392,28,29,19,3148,25,5020,28105,23,24,22,20,30],"class_list":["post-228539","post","type-post","status-publish","format-standard","has-post-thumbnail","category-uldised-uudised","tag-afrojack","tag-beach-grind","tag-beach-grind-2026","tag-breaking-news","tag-breakingnews","tag-ee","tag-eesti","tag-eesti-keel","tag-estonia","tag-estonian","tag-featured-news","tag-featurednews","tag-headlines","tag-james-hype","tag-latest-news","tag-latestnews","tag-news","tag-nublu","tag-populaarseimad-lood","tag-sadu","tag-smilers","tag-top-stories","tag-topstories","tag-uldised-uudised","tag-uudised","tag-viimased-uudised"],"share_on_mastodon":{"url":"https:\/\/pubeurope.com\/@ee\/116922919644220455","error":""},"_links":{"self":[{"href":"https:\/\/www.europesays.com\/ee\/wp-json\/wp\/v2\/posts\/228539","targetHints":{"allow":["GET"]}}],"collection":[{"href":"https:\/\/www.europesays.com\/ee\/wp-json\/wp\/v2\/posts"}],"about":[{"href":"https:\/\/www.europesays.com\/ee\/wp-json\/wp\/v2\/types\/post"}],"author":[{"embeddable":true,"href":"https:\/\/www.europesays.com\/ee\/wp-json\/wp\/v2\/users\/2"}],"replies":[{"embeddable":true,"href":"https:\/\/www.europesays.com\/ee\/wp-json\/wp\/v2\/comments?post=228539"}],"version-history":[{"count":0,"href":"https:\/\/www.europesays.com\/ee\/wp-json\/wp\/v2\/posts\/228539\/revisions"}],"wp:featuredmedia":[{"embeddable":true,"href":"https:\/\/www.europesays.com\/ee\/wp-json\/wp\/v2\/media\/228540"}],"wp:attachment":[{"href":"https:\/\/www.europesays.com\/ee\/wp-json\/wp\/v2\/media?parent=228539"}],"wp:term":[{"taxonomy":"category","embeddable":true,"href":"https:\/\/www.europesays.com\/ee\/wp-json\/wp\/v2\/categories?post=228539"},{"taxonomy":"post_tag","embeddable":true,"href":"https:\/\/www.europesays.com\/ee\/wp-json\/wp\/v2\/tags?post=228539"}],"curies":[{"name":"wp","href":"https:\/\/api.w.org\/{rel}","templated":true}]}}