{"id":228558,"date":"2026-07-15T08:23:07","date_gmt":"2026-07-15T08:23:07","guid":{"rendered":"https:\/\/www.europesays.com\/ee\/228558\/"},"modified":"2026-07-15T08:23:07","modified_gmt":"2026-07-15T08:23:07","slug":"video-%e2%9f%a9-lamine-yamali-vaikevend-on-kujunenud-mmi-ootamatuks-staariks","status":"publish","type":"post","link":"https:\/\/www.europesays.com\/ee\/228558\/","title":{"rendered":"VIDEO \u27e9 Lamine Yamali v\u00e4ikevend on kujunenud MMi ootamatuks staariks"},"content":{"rendered":"<p class=\"dcr-1s160rg\">Kui Barcelona \u00e4\u00e4rer\u00fcndaja Yamal j\u00f5udis koondisega finaali, siis tema kolmeaastane poolvend Keyne on s\u00e4ranud trib\u00fc\u00fcnil, l\u00f5bustades rahvast naljakate n\u00e4gude ja tegudega ning elades entusiastlikult omadele kaasa.<\/p>\n<p class=\"dcr-1s160rg\">Keyne hakkas kuulsust koguma juba MMi alguses, mil vend Lamine postitas temast videoid Instagrami ja TikToki. N\u00e4iteks l\u00f5bustas Keyne j\u00e4lgijaid sellega, kui \u00fcritas golfi m\u00e4ngida.<\/p>\n<p class=\"dcr-1s160rg\">MMi ajal on Keyne jooksnud ringi trib\u00fc\u00fcnidel, kohtunud teiste f\u00e4nnidega, teinud kaamerasse naljakaid n\u00e4gusid ja \u00f5humusisid ning t\u00e4histanud eeskujulikult.<\/p>\n<p>Kui Hispaania j\u00f5udis eile \u00f5htul Prantsusmaa vastu finaali, siis kaamera p\u00fc\u00fcdis kinni, kuidas Keyne lehvitas armsalt oma vanemale vennale. Hiljem sai turniiri suurim staar v\u00f5itu nautida Lamine&#8217;i s\u00fcles.<\/p>\n<p>\u00abMulle meeldib, et ta l\u00e4heb inimestele peale. Ta ei saa sellest arugi, ta k\u00e4itub t\u00e4pselt nii nagu kodus. Tean, et kui ta kasvab suureks, siis ta n\u00e4eb seda ja on \u00f5nnelik,\u00bb \u00fctles Lamine Yamal pressikonverentsil, kui talt k\u00fcsiti tema venna kohta.<\/p>\n<p>Sel MMil on m\u00f5lemal Yamalil j\u00e4\u00e4nud vaid \u00fcks m\u00e4ng. See on p\u00fchap\u00e4evane finaal, mil kohtutakse Argentina v\u00f5i Inglismaaga.<\/p>\n","protected":false},"excerpt":{"rendered":"Kui Barcelona \u00e4\u00e4rer\u00fcndaja Yamal j\u00f5udis koondisega finaali, siis tema kolmeaastane poolvend Keyne on s\u00e4ranud trib\u00fc\u00fcnil, l\u00f5bustades rahvast naljakate&hellip;\n","protected":false},"author":2,"featured_media":228559,"comment_status":"","ping_status":"","sticky":false,"template":"","format":"standard","meta":{"footnotes":"","_share_on_mastodon":"0"},"categories":[18],"tags":[37,33,35,34,36,110,92092,92091,10349,159,158],"class_list":["post-228558","post","type-post","status-publish","format-standard","has-post-thumbnail","category-sport","tag-ee","tag-eesti","tag-eesti-keel","tag-estonia","tag-estonian","tag-hispaania","tag-keyne-yamal","tag-lamine-yama","tag-mm-2026","tag-sport","tag-sports"],"share_on_mastodon":{"url":"https:\/\/pubeurope.com\/@ee\/116923033434209450","error":""},"_links":{"self":[{"href":"https:\/\/www.europesays.com\/ee\/wp-json\/wp\/v2\/posts\/228558","targetHints":{"allow":["GET"]}}],"collection":[{"href":"https:\/\/www.europesays.com\/ee\/wp-json\/wp\/v2\/posts"}],"about":[{"href":"https:\/\/www.europesays.com\/ee\/wp-json\/wp\/v2\/types\/post"}],"author":[{"embeddable":true,"href":"https:\/\/www.europesays.com\/ee\/wp-json\/wp\/v2\/users\/2"}],"replies":[{"embeddable":true,"href":"https:\/\/www.europesays.com\/ee\/wp-json\/wp\/v2\/comments?post=228558"}],"version-history":[{"count":0,"href":"https:\/\/www.europesays.com\/ee\/wp-json\/wp\/v2\/posts\/228558\/revisions"}],"wp:featuredmedia":[{"embeddable":true,"href":"https:\/\/www.europesays.com\/ee\/wp-json\/wp\/v2\/media\/228559"}],"wp:attachment":[{"href":"https:\/\/www.europesays.com\/ee\/wp-json\/wp\/v2\/media?parent=228558"}],"wp:term":[{"taxonomy":"category","embeddable":true,"href":"https:\/\/www.europesays.com\/ee\/wp-json\/wp\/v2\/categories?post=228558"},{"taxonomy":"post_tag","embeddable":true,"href":"https:\/\/www.europesays.com\/ee\/wp-json\/wp\/v2\/tags?post=228558"}],"curies":[{"name":"wp","href":"https:\/\/api.w.org\/{rel}","templated":true}]}}