{"id":228573,"date":"2026-07-15T08:44:11","date_gmt":"2026-07-15T08:44:11","guid":{"rendered":"https:\/\/www.europesays.com\/ee\/228573\/"},"modified":"2026-07-15T08:44:11","modified_gmt":"2026-07-15T08:44:11","slug":"birgit-sarrap-ajab-narvi-et-ma-ei-suuda-leida-oma-suunda-vikerraadio","status":"publish","type":"post","link":"https:\/\/www.europesays.com\/ee\/228573\/","title":{"rendered":"Birgit Sarrap: ajab n\u00e4rvi, et ma ei suuda leida oma suunda | Vikerraadio"},"content":{"rendered":"<p>Laulja Birgit Sarrap r\u00e4\u00e4kis Vikerraadios, et teda ajab vahel isegi n\u00e4rvi, et talle meeldib igasugune muusika ja meelelahutus, mis teeb tal artistina raskeks ka oma suuna leidmise.<\/p>\n<p>Viimastel aastatel on Sarrap hakanud taipama, et h\u00e4\u00e4le eest tuleb \u00fcha enam hoolt kanda. &#8220;Enam ei ole lihtsalt nii, et \u00e4rkad \u00fcles ja viie minuti p\u00e4rast l\u00e4hed laulad k\u00f5ik aariad \u00e4ra. T\u00f5esti peab neid lihaseid rohkem treenima. Kui on periood, nagu k\u00e4imasolev vaiksem suvi, siis mitu p\u00e4eva pole kontserti olnud, oled mitu p\u00e4eva tegelenud t\u00e4iesti teistsuguste asjadega, v\u00f5ib-olla pole isegi muusikat kuulanud, siis saan aru k\u00fcll, et p\u00e4ris see ei ole,&#8221; selgitas Sarrap.<\/p>\n<p>&#8220;P\u00fc\u00fcan h\u00e4\u00e4lt treenida ja hoida, et see lavale minnes paremas vormis oleks. Muusika loomisega on samamoodi. M\u00f5nusas t\u0161illimise ja laisklemise foonis on viimased viis kuni seitse aastat, kui mul viimane album ja viimased laulud tulid. Ansambel Swingersiga on m\u00f5nus esineda, ka nendega koos oleme laule v\u00e4lja andnud,&#8221; selgitas Sarrap ning lisas, et viimasel ajal on ta l\u00f6\u00f6nud kaasa mitmetel retrokontsertidel.<\/p>\n<p>&#8220;Varsti-varsti v\u00f5tab Birgit jalad k\u00f5hu alt ja ma loodan, et midagi v\u00e4rskemat ja rohkem minu n\u00e4oga hakkab tulema ka,&#8221; lisas ta.<\/p>\n<p>Sarrap lisas, et talle k\u00e4ivad oma muusikaotsingud vahel ka n\u00e4rvidele. &#8220;Kuidas ma ei suuda leida seda oma suunda ja kuulata kogu aeg \u00fchte stiili, vaid t\u00f5esti mulle meeldib kuulata absoluutselt k\u00f5iksugust muusikat. Mulle meeldib meelelahutus, mulle meeldib, kui inimesed teevad midagi s\u00fcdamest,&#8221; r\u00e4\u00e4kis Sarrap, kes k\u00fclastas hiljuti ka talvist EDM-i festivali Winter Tomorrowland ning kodumaist Beach Grindi.<\/p>\n<p>&#8220;Inimesed elavad ennast v\u00e4lja, h\u00fcppavad, kargavad, naudivad muusikat, melu, n\u00e4evad tuttavaid ja armsaid inimesi. Mulle k\u00f5ik see selle juures v\u00e4ga meeldib,&#8221; lisas ta.<\/p>\n<p>Uut muusikat otsib Sarrap vahel Spotifyst ning Eesti raadiotest. &#8220;Kuulan, kes mida m\u00e4ngib. Tegelikult elan ma v\u00e4ga kaasa k\u00f5ikidele Eesti artistidele. Kui keegi laulu v\u00e4lja annab, siis ma olen ikkagi \u00fcks nendest esimestest, kes l\u00e4heb kaasa elama, kuulama, muusikavideot kuulama. Ka retromuusika on mulle hingel\u00e4hedane, nii Eesti kui ka v\u00e4lismaa muusika. T\u00e4iesti seinast seina,&#8221; t\u00f5des Sarrap, kes kuulas kooliajal teismelisena Vanalinna hariduskolleegiumi klassivendadega ka metal-muusikat.<\/p>\n","protected":false},"excerpt":{"rendered":"Laulja Birgit Sarrap r\u00e4\u00e4kis Vikerraadios, et teda ajab vahel isegi n\u00e4rvi, et talle meeldib igasugune muusika ja meelelahutus,&hellip;\n","protected":false},"author":2,"featured_media":228574,"comment_status":"","ping_status":"","sticky":false,"template":"","format":"standard","meta":{"footnotes":"","_share_on_mastodon":"0"},"categories":[16],"tags":[868,37,33,35,173,34,36,140],"class_list":["post-228573","post","type-post","status-publish","format-standard","has-post-thumbnail","category-meelelahutus","tag-birgit-sarrap","tag-ee","tag-eesti","tag-eesti-keel","tag-entertainment","tag-estonia","tag-estonian","tag-meelelahutus"],"share_on_mastodon":{"url":"https:\/\/pubeurope.com\/@ee\/116923116256766272","error":""},"_links":{"self":[{"href":"https:\/\/www.europesays.com\/ee\/wp-json\/wp\/v2\/posts\/228573","targetHints":{"allow":["GET"]}}],"collection":[{"href":"https:\/\/www.europesays.com\/ee\/wp-json\/wp\/v2\/posts"}],"about":[{"href":"https:\/\/www.europesays.com\/ee\/wp-json\/wp\/v2\/types\/post"}],"author":[{"embeddable":true,"href":"https:\/\/www.europesays.com\/ee\/wp-json\/wp\/v2\/users\/2"}],"replies":[{"embeddable":true,"href":"https:\/\/www.europesays.com\/ee\/wp-json\/wp\/v2\/comments?post=228573"}],"version-history":[{"count":0,"href":"https:\/\/www.europesays.com\/ee\/wp-json\/wp\/v2\/posts\/228573\/revisions"}],"wp:featuredmedia":[{"embeddable":true,"href":"https:\/\/www.europesays.com\/ee\/wp-json\/wp\/v2\/media\/228574"}],"wp:attachment":[{"href":"https:\/\/www.europesays.com\/ee\/wp-json\/wp\/v2\/media?parent=228573"}],"wp:term":[{"taxonomy":"category","embeddable":true,"href":"https:\/\/www.europesays.com\/ee\/wp-json\/wp\/v2\/categories?post=228573"},{"taxonomy":"post_tag","embeddable":true,"href":"https:\/\/www.europesays.com\/ee\/wp-json\/wp\/v2\/tags?post=228573"}],"curies":[{"name":"wp","href":"https:\/\/api.w.org\/{rel}","templated":true}]}}