{"id":228596,"date":"2026-07-15T09:10:12","date_gmt":"2026-07-15T09:10:12","guid":{"rendered":"https:\/\/www.europesays.com\/ee\/228596\/"},"modified":"2026-07-15T09:10:12","modified_gmt":"2026-07-15T09:10:12","slug":"leedu-president-nauseda-kinnitas-venemaa-provokatsioonide-ohtu-valismaa","status":"publish","type":"post","link":"https:\/\/www.europesays.com\/ee\/228596\/","title":{"rendered":"Leedu president Naus\u0117da kinnitas Venemaa provokatsioonide ohtu | V\u00e4lismaa"},"content":{"rendered":"<p>Leedu president Gitanas Naus\u0117da kinnitas kolmap\u00e4eval v\u00e4lismeedias levinud teateid, et Venemaa kavandab Poolas v\u00f5i Balti riikides provokatsioone, mille eesm\u00e4rk on panna proovile NATO \u00fchtsus.<\/p>\n<p>Presidendi s\u00f5nul p\u00f5hineb teave luureandmetel v\u00f5imalike Venemaa r\u00fcnnakute kohta piirkonna elut\u00e4htsa taristu vastu, mida v\u00f5idakse korraldada nii tavap\u00e4raste kui ka ebatavaliste vahenditega.<\/p>\n<p>&#8220;Me saame oma teenistustelt selliseid signaale. Need ei t\u00e4psusta asukohta ega aega, sest seda pole v\u00f5imalik kindlaks teha \u2013 vastaspool ei pruugi olla planeerimisega veel l\u00f5pule j\u00f5udnud ning meile on teada vaid planeerimise fakt v\u00f5i eesm\u00e4rk,&#8221; \u00fctles Naus\u0117da BNS-ile antud intervjuus.<\/p>\n<p>&#8220;Seega jah, ma ei saa eitada, et meil on sellist teavet ja et see puudutab kineetilisi sihip\u00e4raseid operatsioone, mis, kuigi mitte ulatuslikud, on v\u00e4ga t\u00f5en\u00e4oliselt suunatud elut\u00e4htsate taristuobjektide vastu,&#8221; lisas Naus\u0117da.<\/p>\n<p>Presidendi s\u00f5nul on Leedu elut\u00e4htsa transpordi- ja energiataristu turvameetmeid hiljuti tugevdatud.<\/p>\n<p>Riigipea s\u00f5nul on teavet mitmesuguste selle taristu vastu suunatud v\u00f5imalike r\u00fcnnakute kohta.<\/p>\n<p>&#8220;K\u00f5ik, mis v\u00f5iks lihtsalt peatada nende objektide t\u00f6\u00f6, kuna objektid ise on olulised mitte ainult omaette, vaid kogu s\u00fcsteemi toimimiseks \u2013 t\u00e4psemalt meie s\u00fcnkroniseerimisel Mandri-Euroopa s\u00fcsteemiga,&#8221; \u00fctles Naus\u0117da.<\/p>\n","protected":false},"excerpt":{"rendered":"Leedu president Gitanas Naus\u0117da kinnitas kolmap\u00e4eval v\u00e4lismeedias levinud teateid, et Venemaa kavandab Poolas v\u00f5i Balti riikides provokatsioone, mille&hellip;\n","protected":false},"author":2,"featured_media":228597,"comment_status":"","ping_status":"","sticky":false,"template":"","format":"standard","meta":{"footnotes":"","_share_on_mastodon":"0"},"categories":[80],"tags":[26,27,37,33,35,34,36,31,32,4139,21,28,29,115,95,19,25,10752,23,24,22,20,96,30,92,93,94],"class_list":["post-228596","post","type-post","status-publish","format-standard","has-post-thumbnail","category-maailm","tag-breaking-news","tag-breakingnews","tag-ee","tag-eesti","tag-eesti-keel","tag-estonia","tag-estonian","tag-featured-news","tag-featurednews","tag-gitanas-nauseda","tag-headlines","tag-latest-news","tag-latestnews","tag-leedu","tag-maailm","tag-news","tag-populaarseimad-lood","tag-provokatsioon","tag-top-stories","tag-topstories","tag-uldised-uudised","tag-uudised","tag-venemaa","tag-viimased-uudised","tag-world","tag-world-news","tag-worldnews"],"share_on_mastodon":{"url":"https:\/\/pubeurope.com\/@ee\/116923218378310397","error":""},"_links":{"self":[{"href":"https:\/\/www.europesays.com\/ee\/wp-json\/wp\/v2\/posts\/228596","targetHints":{"allow":["GET"]}}],"collection":[{"href":"https:\/\/www.europesays.com\/ee\/wp-json\/wp\/v2\/posts"}],"about":[{"href":"https:\/\/www.europesays.com\/ee\/wp-json\/wp\/v2\/types\/post"}],"author":[{"embeddable":true,"href":"https:\/\/www.europesays.com\/ee\/wp-json\/wp\/v2\/users\/2"}],"replies":[{"embeddable":true,"href":"https:\/\/www.europesays.com\/ee\/wp-json\/wp\/v2\/comments?post=228596"}],"version-history":[{"count":0,"href":"https:\/\/www.europesays.com\/ee\/wp-json\/wp\/v2\/posts\/228596\/revisions"}],"wp:featuredmedia":[{"embeddable":true,"href":"https:\/\/www.europesays.com\/ee\/wp-json\/wp\/v2\/media\/228597"}],"wp:attachment":[{"href":"https:\/\/www.europesays.com\/ee\/wp-json\/wp\/v2\/media?parent=228596"}],"wp:term":[{"taxonomy":"category","embeddable":true,"href":"https:\/\/www.europesays.com\/ee\/wp-json\/wp\/v2\/categories?post=228596"},{"taxonomy":"post_tag","embeddable":true,"href":"https:\/\/www.europesays.com\/ee\/wp-json\/wp\/v2\/tags?post=228596"}],"curies":[{"name":"wp","href":"https:\/\/api.w.org\/{rel}","templated":true}]}}