{"id":228617,"date":"2026-07-15T09:33:11","date_gmt":"2026-07-15T09:33:11","guid":{"rendered":"https:\/\/www.europesays.com\/ee\/228617\/"},"modified":"2026-07-15T09:33:11","modified_gmt":"2026-07-15T09:33:11","slug":"andres-poder-paul-oli-eesti-teoloogia-uks-suurkujusid-masingu-jarel-eesti","status":"publish","type":"post","link":"https:\/\/www.europesays.com\/ee\/228617\/","title":{"rendered":"Andres P\u00f5der: Paul oli Eesti teoloogia \u00fcks suurkujusid Masingu j\u00e4rel | Eesti"},"content":{"rendered":"<p>Eesti Evangeelse Luterliku Kiriku (EELK) peapiiskop emeeritus Andres P\u00f5der meenutas kolmap\u00e4eval surnud Toomas Pauli kui teoloogia suurkuju, kelle intellektuaalne panus Eesti m\u00f5ttelukku j\u00e4\u00e4b ajaloolise p\u00e4randina kauaks p\u00fcsima.<\/p>\n<p>P\u00f5der r\u00e4\u00e4kis, et Pauli rolli on peaaegu v\u00f5imatu \u00fclehinnata arvestades tema t\u00f6\u00f6d nii kirikus kui ka \u00fchiskonnas.<\/p>\n<p>&#8220;Ma julgeksin \u00f6elda, et m\u00f5eldes teoloogia suurkujudele hilisajaloos reastuks Uku Masingu j\u00e4rele Paul kohe j\u00e4rgmisena,&#8221; \u00fctles P\u00f5der.<\/p>\n<p>Ta lisas, et Pauli k\u00e4e all on \u00f5ppinud enamik praegusi vaimulikke, lisaks ka palju leerilapsi.\u00a0<\/p>\n<p>&#8220;Pauli leeri\u00f5pik on \u00fclipopulaarne, tema v\u00e4ga paljud raamatud on rahva seas armastatud ja levinud,&#8221; lausus P\u00f5der.\u00a0<\/p>\n<p><img decoding=\"async\" data-photo-id=\"78722\" src=\"https:\/\/www.europesays.com\/ee\/wp-content\/uploads\/2026\/07\/78722h4361t24.jpg\"\/> Autor\/allikas: ERR<\/p>\n<p>P\u00f5dra s\u00f5nul j\u00e4\u00e4b Toomas Pauli intellektuaalne panus Eesti m\u00f5ttelukku ajaloolise p\u00e4randina kauaks p\u00fcsima.<\/p>\n<p>Jaani koguduse teatel suri Toomas Paul kolmap\u00e4eva hommikul 86 aasta vanuselt.<\/p>\n<p>Kogudusel pole veel teada, millal toimub Toomas Pauli \u00e4rasaatmine.<\/p>\n<p>ETV ja ETV2 meenutavad Toomas Pauli saadetega sel kolmap\u00e4eval. ETV lisab kavasse kell 16 saate &#8220;Ajalik ja ajatu&#8221;, ETV2 toob kell 23.15 eetrisse &#8220;Plekktrummi&#8221; vestluse.<\/p>\n<p>Vikerraadios on laup\u00e4eval, 18. juulil kell 22.05 eetris &#8220;\u00d6\u00f6\u00fclikool. Toomas Paul &#8220;Milleks meile usundi\u00f5petus?&#8221;<\/p>\n","protected":false},"excerpt":{"rendered":"Eesti Evangeelse Luterliku Kiriku (EELK) peapiiskop emeeritus Andres P\u00f5der meenutas kolmap\u00e4eval surnud Toomas Pauli kui teoloogia suurkuju, kelle&hellip;\n","protected":false},"author":2,"featured_media":228618,"comment_status":"","ping_status":"","sticky":false,"template":"","format":"standard","meta":{"footnotes":"","_share_on_mastodon":"0"},"categories":[12],"tags":[36076,26,27,37,33,92105,35,34,36,31,32,21,28,29,19,92106,25,26857,92097,23,24,22,20,30],"class_list":["post-228617","post","type-post","status-publish","format-standard","has-post-thumbnail","category-eesti","tag-andres-poder","tag-breaking-news","tag-breakingnews","tag-ee","tag-eesti","tag-eesti-evangeelse-luterliku-kirik","tag-eesti-keel","tag-estonia","tag-estonian","tag-featured-news","tag-featurednews","tag-headlines","tag-latest-news","tag-latestnews","tag-news","tag-peapiiskop-emeeritus","tag-populaarseimad-lood","tag-tallinna-jaani-kogudus","tag-toomas-paul","tag-top-stories","tag-topstories","tag-uldised-uudised","tag-uudised","tag-viimased-uudised"],"share_on_mastodon":{"url":"https:\/\/pubeurope.com\/@ee\/116923309195972997","error":""},"_links":{"self":[{"href":"https:\/\/www.europesays.com\/ee\/wp-json\/wp\/v2\/posts\/228617","targetHints":{"allow":["GET"]}}],"collection":[{"href":"https:\/\/www.europesays.com\/ee\/wp-json\/wp\/v2\/posts"}],"about":[{"href":"https:\/\/www.europesays.com\/ee\/wp-json\/wp\/v2\/types\/post"}],"author":[{"embeddable":true,"href":"https:\/\/www.europesays.com\/ee\/wp-json\/wp\/v2\/users\/2"}],"replies":[{"embeddable":true,"href":"https:\/\/www.europesays.com\/ee\/wp-json\/wp\/v2\/comments?post=228617"}],"version-history":[{"count":0,"href":"https:\/\/www.europesays.com\/ee\/wp-json\/wp\/v2\/posts\/228617\/revisions"}],"wp:featuredmedia":[{"embeddable":true,"href":"https:\/\/www.europesays.com\/ee\/wp-json\/wp\/v2\/media\/228618"}],"wp:attachment":[{"href":"https:\/\/www.europesays.com\/ee\/wp-json\/wp\/v2\/media?parent=228617"}],"wp:term":[{"taxonomy":"category","embeddable":true,"href":"https:\/\/www.europesays.com\/ee\/wp-json\/wp\/v2\/categories?post=228617"},{"taxonomy":"post_tag","embeddable":true,"href":"https:\/\/www.europesays.com\/ee\/wp-json\/wp\/v2\/tags?post=228617"}],"curies":[{"name":"wp","href":"https:\/\/api.w.org\/{rel}","templated":true}]}}