{"id":228623,"date":"2026-07-15T09:41:20","date_gmt":"2026-07-15T09:41:20","guid":{"rendered":"https:\/\/www.europesays.com\/ee\/228623\/"},"modified":"2026-07-15T09:41:20","modified_gmt":"2026-07-15T09:41:20","slug":"ogier-nouab-mm-sarjas-suuri-muutusi","status":"publish","type":"post","link":"https:\/\/www.europesays.com\/ee\/228623\/","title":{"rendered":"Ogier n\u00f5uab MM-sarjas suuri muutusi"},"content":{"rendered":"<p>Prantslane Sebastien Ogier leiab, et autoralli maailmameistriv\u00f5istlused peaksid naasma kvalifikatsioonis\u00fcsteemi juurde, mis v\u00f5imaldaks s\u00f5itjatel kruusarallidel oma stardij\u00e4rjekorda muuta.<\/p>\n<p>Kvalifikatsiooni kasutati MM-rallidel hooaegadel 2012 ja 2013. Praegu m\u00e4\u00e4ratakse stardij\u00e4rjekord maailmameistriv\u00f5istluste punktide alusel. Euroopa meistriv\u00f5istlustel stardib kvalifikatsioonis kiireim s\u00f5itja kruusateel tagantotsast ja asfaldil eestotsast.<\/p>\n","protected":false},"excerpt":{"rendered":"Prantslane Sebastien Ogier leiab, et autoralli maailmameistriv\u00f5istlused peaksid naasma kvalifikatsioonis\u00fcsteemi juurde, mis v\u00f5imaldaks s\u00f5itjatel kruusarallidel oma stardij\u00e4rjekorda muuta.&hellip;\n","protected":false},"author":2,"featured_media":228624,"comment_status":"","ping_status":"","sticky":false,"template":"","format":"standard","meta":{"footnotes":"","_share_on_mastodon":"0"},"categories":[18],"tags":[14918,37,33,35,34,36,2311,3306,92107,29337,12157,8661,3000,159,158,92108,3181,12728],"class_list":["post-228623","post","type-post","status-publish","format-standard","has-post-thumbnail","category-sport","tag-dirtfish","tag-ee","tag-eesti","tag-eesti-keel","tag-estonia","tag-estonian","tag-euroopa-meistrivoistlused","tag-fia","tag-kvalifikatsioonisusteem","tag-mm-ralli","tag-rally1","tag-rally2","tag-sebastien-ogier","tag-sport","tag-sports","tag-stardijarjekord","tag-toyota","tag-wrc27"],"share_on_mastodon":{"url":"https:\/\/pubeurope.com\/@ee\/116923340133110981","error":""},"_links":{"self":[{"href":"https:\/\/www.europesays.com\/ee\/wp-json\/wp\/v2\/posts\/228623","targetHints":{"allow":["GET"]}}],"collection":[{"href":"https:\/\/www.europesays.com\/ee\/wp-json\/wp\/v2\/posts"}],"about":[{"href":"https:\/\/www.europesays.com\/ee\/wp-json\/wp\/v2\/types\/post"}],"author":[{"embeddable":true,"href":"https:\/\/www.europesays.com\/ee\/wp-json\/wp\/v2\/users\/2"}],"replies":[{"embeddable":true,"href":"https:\/\/www.europesays.com\/ee\/wp-json\/wp\/v2\/comments?post=228623"}],"version-history":[{"count":0,"href":"https:\/\/www.europesays.com\/ee\/wp-json\/wp\/v2\/posts\/228623\/revisions"}],"wp:featuredmedia":[{"embeddable":true,"href":"https:\/\/www.europesays.com\/ee\/wp-json\/wp\/v2\/media\/228624"}],"wp:attachment":[{"href":"https:\/\/www.europesays.com\/ee\/wp-json\/wp\/v2\/media?parent=228623"}],"wp:term":[{"taxonomy":"category","embeddable":true,"href":"https:\/\/www.europesays.com\/ee\/wp-json\/wp\/v2\/categories?post=228623"},{"taxonomy":"post_tag","embeddable":true,"href":"https:\/\/www.europesays.com\/ee\/wp-json\/wp\/v2\/tags?post=228623"}],"curies":[{"name":"wp","href":"https:\/\/api.w.org\/{rel}","templated":true}]}}