{"id":228647,"date":"2026-07-15T10:17:06","date_gmt":"2026-07-15T10:17:06","guid":{"rendered":"https:\/\/www.europesays.com\/ee\/228647\/"},"modified":"2026-07-15T10:17:06","modified_gmt":"2026-07-15T10:17:06","slug":"leedu-president-ja-poola-valisminister-hoiatasid-venemaa-plaanitavate-provokatsioonide-eest-kreml-hirmujutud","status":"publish","type":"post","link":"https:\/\/www.europesays.com\/ee\/228647\/","title":{"rendered":"Leedu president ja Poola v\u00e4lisminister hoiatasid Venemaa plaanitavate provokatsioonide eest. Kreml: hirmujutud"},"content":{"rendered":"<p>T\u00e4na antud intervjuus BNS-ile kinnitas Naus\u0117da v\u00e4lismeedia hiljutisi teateid, et <a rel=\"noopener nofollow\" target=\"_blank\" href=\"https:\/\/www.delfi.ee\/teema\/22871535\/moskva\" tag-id=\"22871535\">Moskva<\/a> v\u00f5ib ette valmistada piiratud r\u00fcnnakuid regiooni kriitilise t\u00e4htsusega taristu vastu, kasutadaes konventsionaalseid v\u00f5i muid vahendeid, vahendab Leedu ringh\u00e4\u00e4ling LRT.<\/p>\n<p>\u201eMe oleme saanud selliseid signaale oma luureteenistustelt,\u201c \u00fctles Naus\u0117da. \u201eNeed ei m\u00e4\u00e4ra kindlaks konkreetset kohta ega aega, sest seda on lihtsalt v\u00f5imatu kindlaks teha. Teine pool ei pruugi olla isegi planeerimisprotsessi l\u00f5pule viinud ja me v\u00f5ime teada ainult plaanimisest endast v\u00f5i kavatsetavast eesm\u00e4rgist.\u201c<\/p>\n<p>\u201eNii et jah, ma ei saa eitada, et meil on sellist informatsiooni ja et see puudutab kineetilisi operatsioone. Mitte suures ulatuses, vaid sihitud kineetilisi operatsioone, mis on v\u00e4ga t\u00f5en\u00e4oliselt suunatud kriitilise taristu vastu,\u201c lisas Naus\u0117da.<\/p>\n<p>Mingeid t\u00f5endeid Naus\u0117da ei esitanud.<\/p>\n<p>Naus\u0117da s\u00f5nul on Leedu sellele ohule reageerides viimasel ajal tugevdanud oma kriitilise transpordi- ja energiataristu kaitset. Naus\u0117da teatas, et v\u00f5imud valmistuvad v\u00e4ga erinevateks v\u00f5imalikeks r\u00fcnnakuteks, mis v\u00f5ivad t\u00e4htsa taristu rivist v\u00e4lja l\u00fc\u00fca.<\/p>\n<p>\u201eK\u00f5ik, mis v\u00f5ib l\u00f5petada nende objektide toimimise, on t\u00e4htis, sest need ei ole olulised ainult enda jaoks, vaid need kindlustavad ka kogu s\u00fcsteemi toimimise, eriti meie s\u00fcnkroniseerituse Euroopa mandriosa elektriv\u00f5rguga,\u201c \u00fctles Naus\u0117da.<\/p>\n<p>Poola v\u00e4lisminister Sikorski \u00fctles eile julgeolekuarutelul <a rel=\"noopener nofollow\" target=\"_blank\" href=\"https:\/\/www.delfi.ee\/teema\/22971743\/usa\" tag-id=\"22971743\">USA<\/a>-s <a rel=\"noopener nofollow\" target=\"_blank\" href=\"https:\/\/www.delfi.ee\/teema\/22943711\/california\" tag-id=\"22943711\">Californias<\/a>, et Moskval puudub s\u00f5jaline tugevus m\u00f5nda l\u00e4\u00e4neriiki r\u00fcnnata, aga Venemaa valitseja <a rel=\"noopener nofollow\" target=\"_blank\" href=\"https:\/\/www.delfi.ee\/teema\/23342331\/vladimir-putin\" tag-id=\"23342331\">Vladimir Putin<\/a> v\u00f5ib korraldada NATO vastu provokatsiooni, sest ta on meeleheitel ja kaotamas.<\/p>\n<p>\u201ePutin isegi \u00fctles midagi sellist kuu aega tagasi. Ta teatas, et kui NATO riik meid r\u00fcndab, me vastame,\u201c \u00fctles Sikorski. \u201eSeet\u00f5ttu kahtlustame me, et ta plaanib valmistada ette <a rel=\"noopener nofollow\" target=\"_blank\" href=\"https:\/\/www.delfi.ee\/teema\/25048531\/ukraina\" tag-id=\"25048531\">Ukraina<\/a> droone ja kasutada neid NATO riigi v\u00f5i Venemaa r\u00fcndamiseks ja siis vastata sellisele r\u00fcnnakule.\u201c<\/p>\n<p>Naus\u0117da avaldust on j\u00f5udnud juba kommenteerida ka <a rel=\"noopener nofollow\" target=\"_blank\" href=\"https:\/\/www.delfi.ee\/teema\/24680929\/kreml\" tag-id=\"24680929\">Kremli<\/a> pressiesindaja <a rel=\"noopener nofollow\" target=\"_blank\" href=\"https:\/\/www.delfi.ee\/teema\/59186134\/dmitri-peskov\" tag-id=\"59186134\">Dmitri Peskov<\/a>, kelle s\u00f5nul on see vaenlase kuju tekitamine.<\/p>\n<p>\u201eSee on just v\u00e4rske ports selliseid hirmujutte. Hirmujutte, et pesta ajusid ja valmistada elanikkonda ette edasiseks militariseerimiseks,\u201c lausus Peskov.<\/p>\n<p>Kuidas see lugu Sind end tundma pani? Saada <a href=\"https:\/\/www.delfi.ee\/artikkel\/120597365\/leedu-president-ja-poola-valisminister-hoiatasid-venemaa-plaanitavate-provokatsioonide-eest\/kommentaarid\" class=\"article-body-bottom__comment article-body-bottom__comment--write button button--primary button--size-auto\" rel=\"nofollow noopener\" target=\"_blank\"> Kommenteeri <\/a><a href=\"https:\/\/www.delfi.ee\/artikkel\/120597365\/leedu-president-ja-poola-valisminister-hoiatasid-venemaa-plaanitavate-provokatsioonide-eest\/kommentaarid\" class=\"article-body-bottom__comment article-body-bottom__comment--read button button--size-auto\" rel=\"nofollow noopener\" target=\"_blank\"> Loe kommentaare (7)<\/a><\/p>\n","protected":false},"excerpt":{"rendered":"T\u00e4na antud intervjuus BNS-ile kinnitas Naus\u0117da v\u00e4lismeedia hiljutisi teateid, et Moskva v\u00f5ib ette valmistada piiratud r\u00fcnnakuid regiooni kriitilise&hellip;\n","protected":false},"author":2,"featured_media":228648,"comment_status":"","ping_status":"","sticky":false,"template":"","format":"standard","meta":{"footnotes":"","_share_on_mastodon":"0"},"categories":[80],"tags":[2332,26,27,5875,944,37,33,35,34,36,31,32,4139,21,103,28,29,115,95,108,54,19,111,25,2533,23,24,262,22,325,20,96,30,661,92,93,94],"class_list":["post-228647","post","type-post","status-publish","format-standard","has-post-thumbnail","category-maailm","tag-balti-riigid","tag-breaking-news","tag-breakingnews","tag-california","tag-dmitri-peskov","tag-ee","tag-eesti","tag-eesti-keel","tag-estonia","tag-estonian","tag-featured-news","tag-featurednews","tag-gitanas-nauseda","tag-headlines","tag-kreml","tag-latest-news","tag-latestnews","tag-leedu","tag-maailm","tag-moskva","tag-nato","tag-news","tag-poola","tag-populaarseimad-lood","tag-radoslaw-sikorski","tag-top-stories","tag-topstories","tag-ukraina","tag-uldised-uudised","tag-usa","tag-uudised","tag-venemaa","tag-viimased-uudised","tag-vladimir-putin","tag-world","tag-world-news","tag-worldnews"],"share_on_mastodon":{"url":"","error":"Validation failed: Text character limit of 500 exceeded"},"_links":{"self":[{"href":"https:\/\/www.europesays.com\/ee\/wp-json\/wp\/v2\/posts\/228647","targetHints":{"allow":["GET"]}}],"collection":[{"href":"https:\/\/www.europesays.com\/ee\/wp-json\/wp\/v2\/posts"}],"about":[{"href":"https:\/\/www.europesays.com\/ee\/wp-json\/wp\/v2\/types\/post"}],"author":[{"embeddable":true,"href":"https:\/\/www.europesays.com\/ee\/wp-json\/wp\/v2\/users\/2"}],"replies":[{"embeddable":true,"href":"https:\/\/www.europesays.com\/ee\/wp-json\/wp\/v2\/comments?post=228647"}],"version-history":[{"count":0,"href":"https:\/\/www.europesays.com\/ee\/wp-json\/wp\/v2\/posts\/228647\/revisions"}],"wp:featuredmedia":[{"embeddable":true,"href":"https:\/\/www.europesays.com\/ee\/wp-json\/wp\/v2\/media\/228648"}],"wp:attachment":[{"href":"https:\/\/www.europesays.com\/ee\/wp-json\/wp\/v2\/media?parent=228647"}],"wp:term":[{"taxonomy":"category","embeddable":true,"href":"https:\/\/www.europesays.com\/ee\/wp-json\/wp\/v2\/categories?post=228647"},{"taxonomy":"post_tag","embeddable":true,"href":"https:\/\/www.europesays.com\/ee\/wp-json\/wp\/v2\/tags?post=228647"}],"curies":[{"name":"wp","href":"https:\/\/api.w.org\/{rel}","templated":true}]}}