{"id":228749,"date":"2026-07-15T12:28:15","date_gmt":"2026-07-15T12:28:15","guid":{"rendered":"https:\/\/www.europesays.com\/ee\/228749\/"},"modified":"2026-07-15T12:28:15","modified_gmt":"2026-07-15T12:28:15","slug":"kaja-kallas-kritiseeris-roki-otsust-paistab-et-venemaa-saab-ukraina-pommitamise-eest-justkui-preemiat","status":"publish","type":"post","link":"https:\/\/www.europesays.com\/ee\/228749\/","title":{"rendered":"Kaja Kallas kritiseeris ROKi otsust: paistab, et Venemaa saab Ukraina pommitamise eest justkui preemiat"},"content":{"rendered":"<p>Venemaa s\u00f5dib Ukrainas t\u00e4iemahuliselt juba viiendat j\u00e4rjestikust aastat, kuid ROKi see ei huvita. Eelmisel n\u00e4dalal t\u00fchistas ROK Venemaa ol\u00fcmpiakomitee tegevuskeelu ning teatas, et lubab venelased kahe aasta p\u00e4rast toimuvale Los Angelese ol\u00fcmpiale. Seda muidugi juhul, kui kindla ala katuseorganisatsioon nende osalemise heaks kiidab.<\/p>\n<p>Kallas v\u00f5ttis sel teemal s\u00f5na ELi v\u00e4lisasjade n\u00f5ukogu istungi l\u00f5pus. Ta lubas, et Euroopa liit kehtestab Venemaale senisest j\u00f5ulisemaid sanktsioone ning kritiseeris seejuures ka ROKi otsust.<\/p>\n<p class=\"PDq2pG_selectionAnchorContainer\">\u00abRahvusvahelise ol\u00fcmpiakomitee otsus lubada Venemaa sportlased tagasi rahvusvahelistele v\u00f5istlustele ei k\u00e4i kokku reaalsusega. Ministrid m\u00f5istavad otsuse teravalt hukka, sest Venemaa tapab samal ajal Ukrainas rekordiliselt tsiviilisikuid. Paistab, et rahvusvaheline ol\u00fcmpiakomitee premeerib selliseid r\u00fcnnakuid,\u00bb tsiteeritakse Kallast v\u00e4lismeedias.<\/p>\n<p>Kallas, kes on Venemaa teemal aastaid olnud aktiivne, on varemgi kritiseerinud ROKi seoses Venemaa soosimisega. Olles Eesti peaminister, taunis Kallas 2023. aastal ROKi otsust uurida, kas Venemaa ja Valgevene saaksid neutraalsete sportlastena osaleda rahvusvahelistel v\u00f5istlustel.<\/p>\n<p>Eesti oli \u00fcks \u00fcheksast riigist, kes saatis teisip\u00e4eval Euroopa komisjoni spordi eest vastutavale volinikule Glenn Micallefile ettepaneku j\u00e4tta Erasmus+ ja teistest Euroopa Liidu toetusmeetmetest v\u00e4lja spordiorganisatsioonid, kes lubavad Venemaa ja Valgevene tagasi rahvusvahelistele spordiv\u00f5istlustele.<\/p>\n<p>P\u00f6\u00f6rdumisele kirjutasid lisaks Eestile alla Holland, Leedu, L\u00e4ti, Poola, Rootsi, Rumeenia, Soome ja Taani, vahendas kultuuriministeerium.<\/p>\n","protected":false},"excerpt":{"rendered":"Venemaa s\u00f5dib Ukrainas t\u00e4iemahuliselt juba viiendat j\u00e4rjestikust aastat, kuid ROKi see ei huvita. Eelmisel n\u00e4dalal t\u00fchistas ROK Venemaa&hellip;\n","protected":false},"author":2,"featured_media":228750,"comment_status":"","ping_status":"","sticky":false,"template":"","format":"standard","meta":{"footnotes":"","_share_on_mastodon":"0"},"categories":[18],"tags":[37,33,35,34,36,1639,2376,2377,159,158,96],"class_list":["post-228749","post","type-post","status-publish","format-standard","has-post-thumbnail","category-sport","tag-ee","tag-eesti","tag-eesti-keel","tag-estonia","tag-estonian","tag-kaja-kallas","tag-rahvusvaheline-olumpiakomitee","tag-rok","tag-sport","tag-sports","tag-venemaa"],"share_on_mastodon":{"url":"https:\/\/pubeurope.com\/@ee\/116923996880954950","error":""},"_links":{"self":[{"href":"https:\/\/www.europesays.com\/ee\/wp-json\/wp\/v2\/posts\/228749","targetHints":{"allow":["GET"]}}],"collection":[{"href":"https:\/\/www.europesays.com\/ee\/wp-json\/wp\/v2\/posts"}],"about":[{"href":"https:\/\/www.europesays.com\/ee\/wp-json\/wp\/v2\/types\/post"}],"author":[{"embeddable":true,"href":"https:\/\/www.europesays.com\/ee\/wp-json\/wp\/v2\/users\/2"}],"replies":[{"embeddable":true,"href":"https:\/\/www.europesays.com\/ee\/wp-json\/wp\/v2\/comments?post=228749"}],"version-history":[{"count":0,"href":"https:\/\/www.europesays.com\/ee\/wp-json\/wp\/v2\/posts\/228749\/revisions"}],"wp:featuredmedia":[{"embeddable":true,"href":"https:\/\/www.europesays.com\/ee\/wp-json\/wp\/v2\/media\/228750"}],"wp:attachment":[{"href":"https:\/\/www.europesays.com\/ee\/wp-json\/wp\/v2\/media?parent=228749"}],"wp:term":[{"taxonomy":"category","embeddable":true,"href":"https:\/\/www.europesays.com\/ee\/wp-json\/wp\/v2\/categories?post=228749"},{"taxonomy":"post_tag","embeddable":true,"href":"https:\/\/www.europesays.com\/ee\/wp-json\/wp\/v2\/tags?post=228749"}],"curies":[{"name":"wp","href":"https:\/\/api.w.org\/{rel}","templated":true}]}}