{"id":228800,"date":"2026-07-15T13:34:11","date_gmt":"2026-07-15T13:34:11","guid":{"rendered":"https:\/\/www.europesays.com\/ee\/228800\/"},"modified":"2026-07-15T13:34:11","modified_gmt":"2026-07-15T13:34:11","slug":"the-exploited-esineb-tallinnas-vabaohukontserdiga-muusika","status":"publish","type":"post","link":"https:\/\/www.europesays.com\/ee\/228800\/","title":{"rendered":"The Exploited esineb Tallinnas vaba\u00f5hukontserdiga | Muusika"},"content":{"rendered":"<p>18. juulil j\u00f5uab Tallinna Paavli kultuurivabriku tagahoovi \u0161oti punkb\u00e4nd The Exploited. \u00dcle nelja aastak\u00fcmne tegutsenud kollektiiv annab Eestis vaba\u00f5hukontserdi, kus astuvad \u00fcles ka Saksamaa punkb\u00e4nd Antinorm, Eesti hardcore-pungi esindaja Skoone ning Huiabella Fantastica.<\/p>\n<p>1980.aastal Edinburghis loodud The Exploited kuulub vaieldamatult briti t\u00e4navapungi ajaloo kesksete nimede hulka. Ansambli asutas endine s\u00f5dur Wattie Buchan, kelle mohawk-soeng, k\u00e4he vokaal ja kompromissitu energia kuuluvad punkkultuuri alustalade hulka. B\u00e4nd kerkis esile ajal, mil Suurbritanniat raputasid majanduskriis, k\u00f5rge t\u00f6\u00f6puudus ja s\u00fcvenev sotsiaalne rahulolematus.<\/p>\n<p>The Exploited t\u00f5usis kiiresti UK82 liikumise \u00fcheks olulisemaks eestvedajaks. Nende esikalbum &#8220;Punk&#8217;s Not Dead&#8221;(1981) kujunes terve p\u00f5lvkonna manifestiks. J\u00e4rgnenud albumid &#8220;Troops of Tomorrow&#8221; (1982) ja &#8220;Let&#8217;s Start a War&#8230; Said Maggie One Day&#8221; (1983) m\u00e4\u00e4ratlesid briti t\u00e4navapungi k\u00f5lapildi, mida iseloomustas kiire tempo, toores kitarrim\u00e4ng ja l\u00f5ikav \u00fchiskonnakriitika.<\/p>\n<p>The Exploitedi laulutekstid k\u00e4sitlevad s\u00f5da, poliitilist v\u00f5imu, klassiv\u00f5itlust, politseiv\u00e4givalda ja sotsiaalset ebav\u00f5rdsust otsekoheselt ning vihaselt. B\u00e4ndi looming on m\u00f5jutanud lisaks punkmuusikale ka hardcore&#8217;i ja mitmeid teisi metali alam\u017eanreid. The Exploitedi loomingule on viidanud inspiratsiooniallikana n\u00e4iteks Slayeri, Sepultura, Napalm Deathi ja Municipal Waste&#8217;i liikmed.<\/p>\n<p>Kuigi ansambli viimane stuudioalbum &#8220;Fuck the System&#8221; ilmus 2003. aastal, pole The Exploited kordagi kadunud kontserdilavadelt.\u00a0<\/p>\n<p>Viimati esines The Exploited Tallinnas 2019. aastal. B\u00e4nd pidi Eestis \u00fcles astuma 2. veebruaril, kuid laulja terviseprobleemide\u00a0t\u00f5ttu l\u00fckati kontsert edasi.<\/p>\n","protected":false},"excerpt":{"rendered":"18. juulil j\u00f5uab Tallinna Paavli kultuurivabriku tagahoovi \u0161oti punkb\u00e4nd The Exploited. \u00dcle nelja aastak\u00fcmne tegutsenud kollektiiv annab Eestis&hellip;\n","protected":false},"author":2,"featured_media":228801,"comment_status":"","ping_status":"","sticky":false,"template":"","format":"standard","meta":{"footnotes":"","_share_on_mastodon":"0"},"categories":[16],"tags":[37,33,35,173,34,36,140,3286,11332],"class_list":["post-228800","post","type-post","status-publish","format-standard","has-post-thumbnail","category-meelelahutus","tag-ee","tag-eesti","tag-eesti-keel","tag-entertainment","tag-estonia","tag-estonian","tag-meelelahutus","tag-paavli-kultuurivabrik","tag-the-exploited"],"share_on_mastodon":{"url":"https:\/\/pubeurope.com\/@ee\/116924256317004538","error":""},"_links":{"self":[{"href":"https:\/\/www.europesays.com\/ee\/wp-json\/wp\/v2\/posts\/228800","targetHints":{"allow":["GET"]}}],"collection":[{"href":"https:\/\/www.europesays.com\/ee\/wp-json\/wp\/v2\/posts"}],"about":[{"href":"https:\/\/www.europesays.com\/ee\/wp-json\/wp\/v2\/types\/post"}],"author":[{"embeddable":true,"href":"https:\/\/www.europesays.com\/ee\/wp-json\/wp\/v2\/users\/2"}],"replies":[{"embeddable":true,"href":"https:\/\/www.europesays.com\/ee\/wp-json\/wp\/v2\/comments?post=228800"}],"version-history":[{"count":0,"href":"https:\/\/www.europesays.com\/ee\/wp-json\/wp\/v2\/posts\/228800\/revisions"}],"wp:featuredmedia":[{"embeddable":true,"href":"https:\/\/www.europesays.com\/ee\/wp-json\/wp\/v2\/media\/228801"}],"wp:attachment":[{"href":"https:\/\/www.europesays.com\/ee\/wp-json\/wp\/v2\/media?parent=228800"}],"wp:term":[{"taxonomy":"category","embeddable":true,"href":"https:\/\/www.europesays.com\/ee\/wp-json\/wp\/v2\/categories?post=228800"},{"taxonomy":"post_tag","embeddable":true,"href":"https:\/\/www.europesays.com\/ee\/wp-json\/wp\/v2\/tags?post=228800"}],"curies":[{"name":"wp","href":"https:\/\/api.w.org\/{rel}","templated":true}]}}