{"id":228863,"date":"2026-07-15T14:46:12","date_gmt":"2026-07-15T14:46:12","guid":{"rendered":"https:\/\/www.europesays.com\/ee\/228863\/"},"modified":"2026-07-15T14:46:12","modified_gmt":"2026-07-15T14:46:12","slug":"videod-postmargi-ja-naitusega-lagedale-tulnud-5miinust-teeme-koiki-asju-et-kinnistada-end-eesti-kultuuriajalukku","status":"publish","type":"post","link":"https:\/\/www.europesays.com\/ee\/228863\/","title":{"rendered":"VIDEOD | Postmargi ja n\u00e4itusega lagedale tulnud 5miinust: teeme k\u00f5iki asju, et kinnistada end Eesti kultuuriajalukku"},"content":{"rendered":"<p>Jakob Hurda saali ees avatud tasuta n\u00e4itus valmis koost\u00f6\u00f6s kuraator Carol Soovikuga. N\u00e4itusel n\u00e4eb seni avaldamata fotosid ansambliliikmete erakogudest, lisaks teisi isiklikke esemeid ja lavariideid. <\/p>\n<p>Eksponaatide k\u00f5rval demonstreeriti ka v\u00e4rsket kirjamarki, millel ilutsevad p\u00e4ikese poole vaatavad b\u00e4ndipoiste n\u00e4od. Korea t\u00f5des, et ansambel proovib isikliku postmargi abil talletada end kultuurilukku. Suur kirjasaatja aga n\u00e4iteks P\u00e4evakoer ei ole. \u201eN\u00fc\u00fcd tuleb see hobi uuesti k\u00e4sile v\u00f5tta. Kui enda n\u00e4oga on siuke pildike, mida saab panna posti, siis hakkab pihta sellega,\u201c nentis ta.<\/p>\n<p>Oled juba tellija?Logi sisse<\/p>\n<p><a href=\"https:\/\/www.delfi.ee\/artikkel\/120597419\/videod-postmargi-ja-naitusega-lagedale-tulnud-ansambel-5miinust-teeme-koiki-asju-et-kinnistada-end-eesti-kultuuriajalukku\/kommentaarid\" class=\"article-body-bottom__comment article-body-bottom__comment--write button button--primary button--size-auto\" rel=\"nofollow noopener\" target=\"_blank\"> Kommenteeri <\/a><a href=\"https:\/\/www.delfi.ee\/artikkel\/120597419\/videod-postmargi-ja-naitusega-lagedale-tulnud-ansambel-5miinust-teeme-koiki-asju-et-kinnistada-end-eesti-kultuuriajalukku\/kommentaarid\" class=\"article-body-bottom__comment article-body-bottom__comment--read button button--size-auto\" rel=\"nofollow noopener\" target=\"_blank\"> Loe kommentaare (2)<\/a><\/p>\n","protected":false},"excerpt":{"rendered":"Jakob Hurda saali ees avatud tasuta n\u00e4itus valmis koost\u00f6\u00f6s kuraator Carol Soovikuga. N\u00e4itusel n\u00e4eb seni avaldamata fotosid ansambliliikmete&hellip;\n","protected":false},"author":2,"featured_media":228864,"comment_status":"","ping_status":"","sticky":false,"template":"","format":"standard","meta":{"footnotes":"","_share_on_mastodon":"0"},"categories":[5],"tags":[708,26,27,91621,37,33,35,34,36,31,32,21,28,29,19,25,23,24,22,20,30],"class_list":["post-228863","post","type-post","status-publish","format-standard","has-post-thumbnail","category-uldised-uudised","tag-5miinust","tag-breaking-news","tag-breakingnews","tag-delfi-tartu-nadal","tag-ee","tag-eesti","tag-eesti-keel","tag-estonia","tag-estonian","tag-featured-news","tag-featurednews","tag-headlines","tag-latest-news","tag-latestnews","tag-news","tag-populaarseimad-lood","tag-top-stories","tag-topstories","tag-uldised-uudised","tag-uudised","tag-viimased-uudised"],"share_on_mastodon":{"url":"https:\/\/pubeurope.com\/@ee\/116924539576113879","error":""},"_links":{"self":[{"href":"https:\/\/www.europesays.com\/ee\/wp-json\/wp\/v2\/posts\/228863","targetHints":{"allow":["GET"]}}],"collection":[{"href":"https:\/\/www.europesays.com\/ee\/wp-json\/wp\/v2\/posts"}],"about":[{"href":"https:\/\/www.europesays.com\/ee\/wp-json\/wp\/v2\/types\/post"}],"author":[{"embeddable":true,"href":"https:\/\/www.europesays.com\/ee\/wp-json\/wp\/v2\/users\/2"}],"replies":[{"embeddable":true,"href":"https:\/\/www.europesays.com\/ee\/wp-json\/wp\/v2\/comments?post=228863"}],"version-history":[{"count":0,"href":"https:\/\/www.europesays.com\/ee\/wp-json\/wp\/v2\/posts\/228863\/revisions"}],"wp:featuredmedia":[{"embeddable":true,"href":"https:\/\/www.europesays.com\/ee\/wp-json\/wp\/v2\/media\/228864"}],"wp:attachment":[{"href":"https:\/\/www.europesays.com\/ee\/wp-json\/wp\/v2\/media?parent=228863"}],"wp:term":[{"taxonomy":"category","embeddable":true,"href":"https:\/\/www.europesays.com\/ee\/wp-json\/wp\/v2\/categories?post=228863"},{"taxonomy":"post_tag","embeddable":true,"href":"https:\/\/www.europesays.com\/ee\/wp-json\/wp\/v2\/tags?post=228863"}],"curies":[{"name":"wp","href":"https:\/\/api.w.org\/{rel}","templated":true}]}}