{"id":228915,"date":"2026-07-15T16:25:20","date_gmt":"2026-07-15T16:25:20","guid":{"rendered":"https:\/\/www.europesays.com\/ee\/228915\/"},"modified":"2026-07-15T16:25:20","modified_gmt":"2026-07-15T16:25:20","slug":"eestlaste-haiguslehe-kestus-kahekordistus-oecd-raport-paljastab-suvenevad-tervisemured","status":"publish","type":"post","link":"https:\/\/www.europesays.com\/ee\/228915\/","title":{"rendered":"Eestlaste haiguslehe kestus kahekordistus, OECD raport paljastab s\u00fcvenevad tervisemured"},"content":{"rendered":"<p class=\"text-muted-foreground text-[15px] leading-relaxed\">OECD v\u00e4rske \u00fclevaade n\u00e4itab, et Eesti elanike haiguslehel oldud aeg on viimase paarik\u00fcmne aastaga kasvanud 0,9 n\u00e4dalalt kahele n\u00e4dalale aastas, viidates rahvastiku vananemisele ja vaimse tervise probleemidele kui peamistele p\u00f5hjustele.<\/p>\n<ul class=\"space-y-3 text-[15px] leading-relaxed\">\n<li class=\"flex gap-3\">\u2014Eestlaste haiguslehel oldud aja keskmine kestus on kahekordistunud 0,9 n\u00e4dalalt aastas 2000. aastate alguses kahele n\u00e4dalale aastas, vastavalt OECD \u00fclevaatele.<\/li>\n<li class=\"flex gap-3\">\u2014Perearstid omistavad selle kasvu mitte haiguslehe kergek\u00e4elisele kasutamisele, vaid sellistele teguritele nagu rahvastiku vananemine ja vaimse tervise probleemid.<\/li>\n<li class=\"flex gap-3\">\u2014Paralleelselt on Euroopa Liidus haiglavoodite arv elaniku kohta pidevalt v\u00e4henenud, mis on seotud meditsiiniliste edusammude ja l\u00fchemate haiglaraviperioodidega, mitte s\u00fcsteemse kriisiga.<\/li>\n<li class=\"flex gap-3\">\u2014Eesti haiguslehe s\u00fcsteem n\u00e4eb ette, et t\u00f6\u00f6tajad kannavad kulu esimese kolme p\u00e4eva eest, t\u00f6\u00f6andjad katavad neljandast kaheksanda p\u00e4evani ja Kassa tervist pakub h\u00fcvitisi alates \u00fcheksandast p\u00e4evast.<\/li>\n<\/ul>\n","protected":false},"excerpt":{"rendered":"OECD v\u00e4rske \u00fclevaade n\u00e4itab, et Eesti elanike haiguslehel oldud aeg on viimase paarik\u00fcmne aastaga kasvanud 0,9 n\u00e4dalalt kahele&hellip;\n","protected":false},"author":2,"featured_media":228916,"comment_status":"","ping_status":"","sticky":false,"template":"","format":"standard","meta":{"footnotes":"","_share_on_mastodon":"0"},"categories":[12],"tags":[26,27,37,33,35,34,36,590,31,32,92189,20112,21,28,29,19,8850,25,17228,562,5616,23,24,22,20,4213,30],"class_list":["post-228915","post","type-post","status-publish","format-standard","has-post-thumbnail","category-eesti","tag-breaking-news","tag-breakingnews","tag-ee","tag-eesti","tag-eesti-keel","tag-estonia","tag-estonian","tag-euroopa-liit","tag-featured-news","tag-featurednews","tag-haiglavoodid","tag-haigusleht","tag-headlines","tag-latest-news","tag-latestnews","tag-news","tag-oecd","tag-populaarseimad-lood","tag-rahvastiku-vananemine","tag-tervishoid","tag-toojoud","tag-top-stories","tag-topstories","tag-uldised-uudised","tag-uudised","tag-vaimne-tervis","tag-viimased-uudised"],"share_on_mastodon":{"url":"https:\/\/pubeurope.com\/@ee\/116924928951814906","error":""},"_links":{"self":[{"href":"https:\/\/www.europesays.com\/ee\/wp-json\/wp\/v2\/posts\/228915","targetHints":{"allow":["GET"]}}],"collection":[{"href":"https:\/\/www.europesays.com\/ee\/wp-json\/wp\/v2\/posts"}],"about":[{"href":"https:\/\/www.europesays.com\/ee\/wp-json\/wp\/v2\/types\/post"}],"author":[{"embeddable":true,"href":"https:\/\/www.europesays.com\/ee\/wp-json\/wp\/v2\/users\/2"}],"replies":[{"embeddable":true,"href":"https:\/\/www.europesays.com\/ee\/wp-json\/wp\/v2\/comments?post=228915"}],"version-history":[{"count":0,"href":"https:\/\/www.europesays.com\/ee\/wp-json\/wp\/v2\/posts\/228915\/revisions"}],"wp:featuredmedia":[{"embeddable":true,"href":"https:\/\/www.europesays.com\/ee\/wp-json\/wp\/v2\/media\/228916"}],"wp:attachment":[{"href":"https:\/\/www.europesays.com\/ee\/wp-json\/wp\/v2\/media?parent=228915"}],"wp:term":[{"taxonomy":"category","embeddable":true,"href":"https:\/\/www.europesays.com\/ee\/wp-json\/wp\/v2\/categories?post=228915"},{"taxonomy":"post_tag","embeddable":true,"href":"https:\/\/www.europesays.com\/ee\/wp-json\/wp\/v2\/tags?post=228915"}],"curies":[{"name":"wp","href":"https:\/\/api.w.org\/{rel}","templated":true}]}}