{"id":228943,"date":"2026-07-15T17:08:21","date_gmt":"2026-07-15T17:08:21","guid":{"rendered":"https:\/\/www.europesays.com\/ee\/228943\/"},"modified":"2026-07-15T17:08:21","modified_gmt":"2026-07-15T17:08:21","slug":"hinnavaatlus-hinnad-sveitsi-toidupoes-kipuvad-eesti-hindadele-ara-tegema-meie-kahjuks","status":"publish","type":"post","link":"https:\/\/www.europesays.com\/ee\/228943\/","title":{"rendered":"HINNAVAATLUS | Hinnad \u0160veitsi toidupoes kipuvad Eesti hindadele \u00e4ra tegema. Meie kahjuks"},"content":{"rendered":"<p><img decoding=\"async\" src=\"https:\/\/www.europesays.com\/ee\/wp-content\/uploads\/2026\/07\/3a4211d5-1fe2-41d0-95b3-0e7ed2d5110c.jpg\" loading=\"lazy\" alt=\"Kui Eestis on Coopi logo sinine, siis \u0160veitsis oran\u017eikas. M\u00f5lema maa tarbija\u00fchistud kuuluvad Euro Coopi v\u00f5rgustikku.\"\/><\/p>\n<p>Kui Eestis on Coopi logo sinine, siis \u0160veitsis oran\u017eikas. M\u00f5lema maa tarbija\u00fchistud kuuluvad Euro Coopi v\u00f5rgustikku.<\/p>\n<p>FOTO: Pexels, Unsplash, kollaa\u017e Silja Paavle| Erakogu<\/p>\n<p>Maaleht p\u00f5ikas \u0160veitsis kui elukalliduse s\u00fcmbolriigis sisse mitmessegi toidupoodi ning einestas korduvalt ka eri toidukohtades. Pildid selle vaatluse jaoks said tehtud Coopi poest p\u00f5hjusel, et nii Eesti kui \u0160veitsi Coopi tarbija\u00fchistud kuuluvad Euro Coopi v\u00f5rgustikku. Lisaks laieneb Coopi kett peagi siinmail \u2013 septembrist muutuvad Prisma poed tasapisi just selle keti poodideks.<\/p>\n","protected":false},"excerpt":{"rendered":"Kui Eestis on Coopi logo sinine, siis \u0160veitsis oran\u017eikas. M\u00f5lema maa tarbija\u00fchistud kuuluvad Euro Coopi v\u00f5rgustikku. FOTO: Pexels,&hellip;\n","protected":false},"author":2,"featured_media":228944,"comment_status":"","ping_status":"","sticky":false,"template":"","format":"standard","meta":{"footnotes":"","_share_on_mastodon":"0"},"categories":[80],"tags":[3749,26,27,37,33,35,34,36,31,32,21,668,3750,28,29,426,95,3752,3751,3086,19,25,62,3753,23,24,22,20,149,30,92,93,94],"class_list":["post-228943","post","type-post","status-publish","format-standard","has-post-thumbnail","category-maailm","tag-aiandus","tag-breaking-news","tag-breakingnews","tag-ee","tag-eesti","tag-eesti-keel","tag-estonia","tag-estonian","tag-featured-news","tag-featurednews","tag-headlines","tag-ilm","tag-kulaelu","tag-latest-news","tag-latestnews","tag-maaelu","tag-maailm","tag-maamajandus","tag-mesindus","tag-metsandus","tag-news","tag-populaarseimad-lood","tag-tarbija","tag-targu-talita","tag-top-stories","tag-topstories","tag-uldised-uudised","tag-uudised","tag-video","tag-viimased-uudised","tag-world","tag-world-news","tag-worldnews"],"share_on_mastodon":{"url":"https:\/\/pubeurope.com\/@ee\/116925097902503958","error":""},"_links":{"self":[{"href":"https:\/\/www.europesays.com\/ee\/wp-json\/wp\/v2\/posts\/228943","targetHints":{"allow":["GET"]}}],"collection":[{"href":"https:\/\/www.europesays.com\/ee\/wp-json\/wp\/v2\/posts"}],"about":[{"href":"https:\/\/www.europesays.com\/ee\/wp-json\/wp\/v2\/types\/post"}],"author":[{"embeddable":true,"href":"https:\/\/www.europesays.com\/ee\/wp-json\/wp\/v2\/users\/2"}],"replies":[{"embeddable":true,"href":"https:\/\/www.europesays.com\/ee\/wp-json\/wp\/v2\/comments?post=228943"}],"version-history":[{"count":0,"href":"https:\/\/www.europesays.com\/ee\/wp-json\/wp\/v2\/posts\/228943\/revisions"}],"wp:featuredmedia":[{"embeddable":true,"href":"https:\/\/www.europesays.com\/ee\/wp-json\/wp\/v2\/media\/228944"}],"wp:attachment":[{"href":"https:\/\/www.europesays.com\/ee\/wp-json\/wp\/v2\/media?parent=228943"}],"wp:term":[{"taxonomy":"category","embeddable":true,"href":"https:\/\/www.europesays.com\/ee\/wp-json\/wp\/v2\/categories?post=228943"},{"taxonomy":"post_tag","embeddable":true,"href":"https:\/\/www.europesays.com\/ee\/wp-json\/wp\/v2\/tags?post=228943"}],"curies":[{"name":"wp","href":"https:\/\/api.w.org\/{rel}","templated":true}]}}