{"id":228968,"date":"2026-07-15T17:39:08","date_gmt":"2026-07-15T17:39:08","guid":{"rendered":"https:\/\/www.europesays.com\/ee\/228968\/"},"modified":"2026-07-15T17:39:08","modified_gmt":"2026-07-15T17:39:08","slug":"tartu-bigbank-kohtub-eurosarjas-sveitsi-parnu-vorkpalliklubi-slovakkia-voistkonnaga","status":"publish","type":"post","link":"https:\/\/www.europesays.com\/ee\/228968\/","title":{"rendered":"Tartu Bigbank kohtub eurosarjas \u0160veitsi, P\u00e4rnu V\u00f5rkpalliklubi Slovakkia v\u00f5istkonnaga"},"content":{"rendered":"<p>Tartu Bigbank kohtub esimeses ringis \u0160veitsi klubiga N\u00e4felsi Axpo Volleyga. P\u00e4rnu V\u00f5rkpalliklubi l\u00e4heb avaringis vastamisi Slovakkia klubi Bratislava Slovaniga.<\/p>\n<p>N\u00e4fels l\u00f5petas m\u00f6\u00f6dunud hooaja \u0160veitsi meistriv\u00f5istlustel h\u00f5bemedaliga. Finaalseerias j\u00e4\u00e4di alla Amriswili Volley v\u00f5istkonnale. Bratislava Slovan j\u00f5udis l\u00f5ppenud hooajal Slovakkia meistriv\u00f5istluste finaali, kus kaotas 1:3 tulemusega Kom\u00e1rno Riekerile ja saavutas samuti h\u00f5bemedali.<\/p>\n<p>Avaringi kohtumised peetakse vahemikus 10.-12. november ning kordusm\u00e4ngud vahemikus 17.-19. november. Tartu peab avam\u00e4ngu v\u00f5\u00f5rsil ja korduskohtumise koduv\u00e4ljakul. P\u00e4rnu alustab seeriat kodusaalis ja korduskohtumine peetakse Bratislavas.<\/p>\n<p>Eelmisel hooajal osales CEV Challenge Cupil kolm Eesti v\u00f5istkonda: Tartu Bigbank, P\u00e4rnu V\u00f5rkpalliklubi ja Rae Spordikool\/VIASTON. Tartu ja P\u00e4rnu loositi vastamisi juba avaringis, kust edasi p\u00e4\u00e4ses Tartu. Seej\u00e4rel alistas Tartu Saksamaa klubi Herrschingi ning j\u00f5udis kaheksandikfinaali, kus tuli tunnistada Belgia klubi Lindemans Aalsti paremust. Rae oli avaringis parem P\u00f5hja-Makedoonia klubi Skopje Rabotnickist ja langes j\u00e4rgmises ringis v\u00e4lja T\u0161ehhi klubi Praha Olympi vastu.<\/p>\n<p>Kuidas see lugu Sind end tundma pani? Saada <a href=\"https:\/\/sport.delfi.ee\/artikkel\/120597479\/tartu-bigbank-kohtub-eurosarjas-sveitsi-parnu-vorkpalliklubi-slovakkia-voistkonnaga\/kommentaarid\" class=\"article-body-bottom__comment article-body-bottom__comment--write button button--primary button--size-auto\" rel=\"nofollow noopener\" target=\"_blank\"> Kommenteeri <\/a><a href=\"https:\/\/sport.delfi.ee\/artikkel\/120597479\/tartu-bigbank-kohtub-eurosarjas-sveitsi-parnu-vorkpalliklubi-slovakkia-voistkonnaga\/kommentaarid\" class=\"article-body-bottom__comment article-body-bottom__comment--read button button--size-auto\" rel=\"nofollow noopener\" target=\"_blank\"> Loe kommentaare <\/a><\/p>\n","protected":false},"excerpt":{"rendered":"Tartu Bigbank kohtub esimeses ringis \u0160veitsi klubiga N\u00e4felsi Axpo Volleyga. P\u00e4rnu V\u00f5rkpalliklubi l\u00e4heb avaringis vastamisi Slovakkia klubi Bratislava&hellip;\n","protected":false},"author":2,"featured_media":228969,"comment_status":"","ping_status":"","sticky":false,"template":"","format":"standard","meta":{"footnotes":"","_share_on_mastodon":"0"},"categories":[18],"tags":[18011,37,33,35,34,36,7879,159,158,1225,1442],"class_list":["post-228968","post","type-post","status-publish","format-standard","has-post-thumbnail","category-sport","tag-cev-challenge-cup","tag-ee","tag-eesti","tag-eesti-keel","tag-estonia","tag-estonian","tag-parnu-vorkpalliklubi","tag-sport","tag-sports","tag-tartu-bigbank","tag-vorkpall"],"share_on_mastodon":{"url":"https:\/\/pubeurope.com\/@ee\/116925219685329550","error":""},"_links":{"self":[{"href":"https:\/\/www.europesays.com\/ee\/wp-json\/wp\/v2\/posts\/228968","targetHints":{"allow":["GET"]}}],"collection":[{"href":"https:\/\/www.europesays.com\/ee\/wp-json\/wp\/v2\/posts"}],"about":[{"href":"https:\/\/www.europesays.com\/ee\/wp-json\/wp\/v2\/types\/post"}],"author":[{"embeddable":true,"href":"https:\/\/www.europesays.com\/ee\/wp-json\/wp\/v2\/users\/2"}],"replies":[{"embeddable":true,"href":"https:\/\/www.europesays.com\/ee\/wp-json\/wp\/v2\/comments?post=228968"}],"version-history":[{"count":0,"href":"https:\/\/www.europesays.com\/ee\/wp-json\/wp\/v2\/posts\/228968\/revisions"}],"wp:featuredmedia":[{"embeddable":true,"href":"https:\/\/www.europesays.com\/ee\/wp-json\/wp\/v2\/media\/228969"}],"wp:attachment":[{"href":"https:\/\/www.europesays.com\/ee\/wp-json\/wp\/v2\/media?parent=228968"}],"wp:term":[{"taxonomy":"category","embeddable":true,"href":"https:\/\/www.europesays.com\/ee\/wp-json\/wp\/v2\/categories?post=228968"},{"taxonomy":"post_tag","embeddable":true,"href":"https:\/\/www.europesays.com\/ee\/wp-json\/wp\/v2\/tags?post=228968"}],"curies":[{"name":"wp","href":"https:\/\/api.w.org\/{rel}","templated":true}]}}