{"id":229076,"date":"2026-07-15T21:02:15","date_gmt":"2026-07-15T21:02:15","guid":{"rendered":"https:\/\/www.europesays.com\/ee\/229076\/"},"modified":"2026-07-15T21:02:15","modified_gmt":"2026-07-15T21:02:15","slug":"eesti-vaimuelu-suurkuju-toomas-paul-lahkus-86-aastaselt","status":"publish","type":"post","link":"https:\/\/www.europesays.com\/ee\/229076\/","title":{"rendered":"Eesti vaimuelu suurkuju Toomas Paul lahkus 86-aastaselt"},"content":{"rendered":"<p class=\"text-muted-foreground text-[15px] leading-relaxed\">Pikaaegne Tallinna Jaani koguduse pastor ja teoloogiadoktor Toomas Paul suri kolmap\u00e4eva hommikul 86-aastaselt, olles viimastel aastatel raske haigusega v\u00f5ideldes v\u00e4ljendanud valmisolekut lahkumiseks ja oma lahkunud abikaasaga taas\u00fchinemiseks.<\/p>\n<ul class=\"space-y-3 text-[15px] leading-relaxed\">\n<li class=\"flex gap-3\">\u2014Toomas Paul, Tallinna Jaani koguduse pikaaegne pastor ja teoloogiadoktor, lahkus kolmap\u00e4eva hommikul 86-aastaselt.<\/li>\n<li class=\"flex gap-3\">\u2014Tema viimaseid aastaid iseloomustas raske haigus ja m\u00e4rkimisv\u00e4\u00e4rne valu, mille jooksul ta v\u00e4ljendas valmisolekut lahkumiseks ja oma lahkunud abikaasaga taas\u00fchinemiseks.<\/li>\n<li class=\"flex gap-3\">\u2014Pauli tunnustati tema ulatusliku akadeemilise t\u00f6\u00f6 eest, sealhulgas doktorikraadi eest Tartu \u00dclikoolist ja Durhami \u00dclikooli audoktori tiitli eest, ning ta sai oma panuse eest riiklikke autasusid.<\/li>\n<li class=\"flex gap-3\">\u2014Ta teenis pastorina erinevates kogudustes ja lektorina mitmetes haridusasutustes, j\u00e4ttes maha intellektuaalse uudishimu ja humanistlike v\u00e4\u00e4rtuste p\u00e4randi.<\/li>\n<\/ul>\n","protected":false},"excerpt":{"rendered":"Pikaaegne Tallinna Jaani koguduse pastor ja teoloogiadoktor Toomas Paul suri kolmap\u00e4eva hommikul 86-aastaselt, olles viimastel aastatel raske haigusega&hellip;\n","protected":false},"author":2,"featured_media":229077,"comment_status":"","ping_status":"","sticky":false,"template":"","format":"standard","meta":{"footnotes":"","_share_on_mastodon":"0"},"categories":[5],"tags":[286,26,27,37,33,35,34,36,31,32,21,29033,176,28,29,19,92223,25,26857,2424,92222,92097,23,24,715,22,20,14318,30],"class_list":["post-229076","post","type-post","status-publish","format-standard","has-post-thumbnail","category-uldised-uudised","tag-ajalugu","tag-breaking-news","tag-breakingnews","tag-ee","tag-eesti","tag-eesti-keel","tag-estonia","tag-estonian","tag-featured-news","tag-featurednews","tag-headlines","tag-kirik","tag-kultuur","tag-latest-news","tag-latestnews","tag-news","tag-pastor","tag-populaarseimad-lood","tag-tallinna-jaani-kogudus","tag-tartu-ulikool","tag-teoloog","tag-toomas-paul","tag-top-stories","tag-topstories","tag-uhiskond","tag-uldised-uudised","tag-uudised","tag-vaimulik","tag-viimased-uudised"],"share_on_mastodon":{"url":"https:\/\/pubeurope.com\/@ee\/116926018088255125","error":""},"_links":{"self":[{"href":"https:\/\/www.europesays.com\/ee\/wp-json\/wp\/v2\/posts\/229076","targetHints":{"allow":["GET"]}}],"collection":[{"href":"https:\/\/www.europesays.com\/ee\/wp-json\/wp\/v2\/posts"}],"about":[{"href":"https:\/\/www.europesays.com\/ee\/wp-json\/wp\/v2\/types\/post"}],"author":[{"embeddable":true,"href":"https:\/\/www.europesays.com\/ee\/wp-json\/wp\/v2\/users\/2"}],"replies":[{"embeddable":true,"href":"https:\/\/www.europesays.com\/ee\/wp-json\/wp\/v2\/comments?post=229076"}],"version-history":[{"count":0,"href":"https:\/\/www.europesays.com\/ee\/wp-json\/wp\/v2\/posts\/229076\/revisions"}],"wp:featuredmedia":[{"embeddable":true,"href":"https:\/\/www.europesays.com\/ee\/wp-json\/wp\/v2\/media\/229077"}],"wp:attachment":[{"href":"https:\/\/www.europesays.com\/ee\/wp-json\/wp\/v2\/media?parent=229076"}],"wp:term":[{"taxonomy":"category","embeddable":true,"href":"https:\/\/www.europesays.com\/ee\/wp-json\/wp\/v2\/categories?post=229076"},{"taxonomy":"post_tag","embeddable":true,"href":"https:\/\/www.europesays.com\/ee\/wp-json\/wp\/v2\/tags?post=229076"}],"curies":[{"name":"wp","href":"https:\/\/api.w.org\/{rel}","templated":true}]}}