{"id":229179,"date":"2026-07-16T04:30:11","date_gmt":"2026-07-16T04:30:11","guid":{"rendered":"https:\/\/www.europesays.com\/ee\/229179\/"},"modified":"2026-07-16T04:30:11","modified_gmt":"2026-07-16T04:30:11","slug":"valiskaubandus-laanemaal-kasvab-laane-elu","status":"publish","type":"post","link":"https:\/\/www.europesays.com\/ee\/229179\/","title":{"rendered":"V\u00e4liskaubandus L\u00e4\u00e4nemaal kasvab &#8211; L\u00e4\u00e4ne Elu"},"content":{"rendered":"<p>            <a href=\"https:\/\/www.europesays.com\/ee\/wp-content\/uploads\/2026\/01\/raha_andra-1.jpg\" data-caption=\"\"><img loading=\"lazy\" width=\"696\" height=\"464\" class=\"entry-thumb td-modal-image lazyload\" alt=\"\" title=\"raha_andra (1)\" src=\"https:\/\/www.europesays.com\/ee\/wp-content\/uploads\/2026\/01\/raha_andra-1-696x464.jpg\" decoding=\"async\"  data- data-eio-rwidth=\"696\" data-eio-rheight=\"464\"\/><\/a><br \/>\n            <img fetchpriority=\"high\" decoding=\"async\" class=\"wp-image-460404 size-full lazyload\" alt=\"\" width=\"1920\" height=\"1280\" src=\"https:\/\/www.europesays.com\/ee\/wp-content\/uploads\/2026\/01\/raha_andra-1.jpg\"  data- data-eio-rwidth=\"1920\" data-eio-rheight=\"1280\"\/>Andra Kirna foto<\/p>\n<p>Statistikaameti v\u00e4liskaubandusestatistika kohaselt kasvas L\u00e4\u00e4nemaal esimese viie kuuga import v\u00e4lisriikidest 32,6 protsenti v\u00f5rreldes eelmise aasta sama ajaga. Eksport kasvas \u00fcheksa protsenti.<\/p>\n<p>Aasta esimesel viiel kuul importisid L\u00e4\u00e4nemaal registreeritud ettev\u00f5tted kokku 14 miljoni euro eest kaupu, mis \u00fcletas tunamullust importi 4,6 miljoni euroga. Samal ajal eksporditi kokku 34,3 miljoni euro v\u00e4\u00e4rtuses kaupu, 3,1 miljoni euro eest enam kui mullu.<\/p>\n<p>Reklaam<\/p>\n","protected":false},"excerpt":{"rendered":"Andra Kirna foto Statistikaameti v\u00e4liskaubandusestatistika kohaselt kasvas L\u00e4\u00e4nemaal esimese viie kuuga import v\u00e4lisriikidest 32,6 protsenti v\u00f5rreldes eelmise aasta&hellip;\n","protected":false},"author":2,"featured_media":95159,"comment_status":"","ping_status":"","sticky":false,"template":"","format":"standard","meta":{"footnotes":"","_share_on_mastodon":"0"},"categories":[14],"tags":[131,130,37,33,35,34,36,6746],"class_list":["post-229179","post","type-post","status-publish","format-standard","has-post-thumbnail","category-ari","tag-ari","tag-business","tag-ee","tag-eesti","tag-eesti-keel","tag-estonia","tag-estonian","tag-import"],"share_on_mastodon":{"url":"https:\/\/pubeurope.com\/@ee\/116927779789316171","error":""},"_links":{"self":[{"href":"https:\/\/www.europesays.com\/ee\/wp-json\/wp\/v2\/posts\/229179","targetHints":{"allow":["GET"]}}],"collection":[{"href":"https:\/\/www.europesays.com\/ee\/wp-json\/wp\/v2\/posts"}],"about":[{"href":"https:\/\/www.europesays.com\/ee\/wp-json\/wp\/v2\/types\/post"}],"author":[{"embeddable":true,"href":"https:\/\/www.europesays.com\/ee\/wp-json\/wp\/v2\/users\/2"}],"replies":[{"embeddable":true,"href":"https:\/\/www.europesays.com\/ee\/wp-json\/wp\/v2\/comments?post=229179"}],"version-history":[{"count":0,"href":"https:\/\/www.europesays.com\/ee\/wp-json\/wp\/v2\/posts\/229179\/revisions"}],"wp:featuredmedia":[{"embeddable":true,"href":"https:\/\/www.europesays.com\/ee\/wp-json\/wp\/v2\/media\/95159"}],"wp:attachment":[{"href":"https:\/\/www.europesays.com\/ee\/wp-json\/wp\/v2\/media?parent=229179"}],"wp:term":[{"taxonomy":"category","embeddable":true,"href":"https:\/\/www.europesays.com\/ee\/wp-json\/wp\/v2\/categories?post=229179"},{"taxonomy":"post_tag","embeddable":true,"href":"https:\/\/www.europesays.com\/ee\/wp-json\/wp\/v2\/tags?post=229179"}],"curies":[{"name":"wp","href":"https:\/\/api.w.org\/{rel}","templated":true}]}}