{"id":229184,"date":"2026-07-16T04:40:12","date_gmt":"2026-07-16T04:40:12","guid":{"rendered":"https:\/\/www.europesays.com\/ee\/229184\/"},"modified":"2026-07-16T04:40:12","modified_gmt":"2026-07-16T04:40:12","slug":"u18-poiste-kasipallitiim-alustab-teekonda-suurturniiri-poole","status":"publish","type":"post","link":"https:\/\/www.europesays.com\/ee\/229184\/","title":{"rendered":"U18 poiste k\u00e4sipallitiim alustab teekonda suurturniiri poole"},"content":{"rendered":"<p>Eelmise aasta novembri esimestel p\u00e4evadel Leedus EM-valikturniiril alagrupis T\u0161ehhi, Leedu ja Iisraeli j\u00e4rel neljandana l\u00f5petanud U18 koondis j\u00e4tkab oma teekonda Championshipi tasemel, mis on noorte k\u00e4sipallis\u00fcsteemis tugevuselt teine turniir Euroopa meistriv\u00f5istluste finaalturniiri j\u00e4rel. Eesti alagrupikaaslased on Kreeka, Holland ja Luksemburg.<\/p>\n","protected":false},"excerpt":{"rendered":"Eelmise aasta novembri esimestel p\u00e4evadel Leedus EM-valikturniiril alagrupis T\u0161ehhi, Leedu ja Iisraeli j\u00e4rel neljandana l\u00f5petanud U18 koondis j\u00e4tkab&hellip;\n","protected":false},"author":2,"featured_media":229185,"comment_status":"","ping_status":"","sticky":false,"template":"","format":"standard","meta":{"footnotes":"","_share_on_mastodon":"0"},"categories":[18],"tags":[37,33,35,34,36,13161,3019,159,158],"class_list":["post-229184","post","type-post","status-publish","format-standard","has-post-thumbnail","category-sport","tag-ee","tag-eesti","tag-eesti-keel","tag-estonia","tag-estonian","tag-henri-sillaste","tag-kasipall","tag-sport","tag-sports"],"share_on_mastodon":{"url":"https:\/\/pubeurope.com\/@ee\/116927819093035892","error":""},"_links":{"self":[{"href":"https:\/\/www.europesays.com\/ee\/wp-json\/wp\/v2\/posts\/229184","targetHints":{"allow":["GET"]}}],"collection":[{"href":"https:\/\/www.europesays.com\/ee\/wp-json\/wp\/v2\/posts"}],"about":[{"href":"https:\/\/www.europesays.com\/ee\/wp-json\/wp\/v2\/types\/post"}],"author":[{"embeddable":true,"href":"https:\/\/www.europesays.com\/ee\/wp-json\/wp\/v2\/users\/2"}],"replies":[{"embeddable":true,"href":"https:\/\/www.europesays.com\/ee\/wp-json\/wp\/v2\/comments?post=229184"}],"version-history":[{"count":0,"href":"https:\/\/www.europesays.com\/ee\/wp-json\/wp\/v2\/posts\/229184\/revisions"}],"wp:featuredmedia":[{"embeddable":true,"href":"https:\/\/www.europesays.com\/ee\/wp-json\/wp\/v2\/media\/229185"}],"wp:attachment":[{"href":"https:\/\/www.europesays.com\/ee\/wp-json\/wp\/v2\/media?parent=229184"}],"wp:term":[{"taxonomy":"category","embeddable":true,"href":"https:\/\/www.europesays.com\/ee\/wp-json\/wp\/v2\/categories?post=229184"},{"taxonomy":"post_tag","embeddable":true,"href":"https:\/\/www.europesays.com\/ee\/wp-json\/wp\/v2\/tags?post=229184"}],"curies":[{"name":"wp","href":"https:\/\/api.w.org\/{rel}","templated":true}]}}