{"id":229216,"date":"2026-07-16T05:24:09","date_gmt":"2026-07-16T05:24:09","guid":{"rendered":"https:\/\/www.europesays.com\/ee\/229216\/"},"modified":"2026-07-16T05:24:09","modified_gmt":"2026-07-16T05:24:09","slug":"levadia-on-uhe-jalaga-rootsi-laeval-kas-teine-toksab-pardale-ka-vajalikud-koefitsiendipunktid-soccernet-ee","status":"publish","type":"post","link":"https:\/\/www.europesays.com\/ee\/229216\/","title":{"rendered":"Levadia on \u00fche jalaga Rootsi laeval. Kas teine toksab pardale ka vajalikud koefitsiendipunktid? &#8211; Soccernet.ee"},"content":{"rendered":"<p><a href=\"https:\/\/soccernet.ee\/fotod\/pl-tallinna-fci-levadia-tallinna-fc-flora18\" rel=\"nofollow noopener\" target=\"_blank\"><img decoding=\"async\" src=\"https:\/\/www.europesays.com\/ee\/wp-content\/uploads\/2026\/07\/1782679455.jpg\" alt=\"FCI Levadia Konverentsiliiga esimese eelringi korduskohtumine n\u00e4ib vaid vormistamise k\u00fcsimus. Foto: Liisi Troska \/ jalgpall.ee\"\/><\/a>&#13;\n<\/p>\n<p>FCI Levadia on Konverentsiliiga esimese eelringi korduskohtumise eel Eesti klubile harukordses olukorras \u2013 neil on avam\u00e4ngust k\u00e4es niiv\u00f5rd soodne seis, et teised 90 minutit peaks olema k\u00f5igest vormistamise vaev. Ametlikuks vajab tegemist teise eelringi vastasseis rootslaste IFK G\u00f6teborgiga.<\/p>\n<p>Levadia oli eelmisel neljap\u00e4eval Walesis Caernarfon Townist 5:0 \u00fcle ning skoor tabool vastas m\u00e4ngupildile. Briti saarte meeskond ei suutnud Premium liiga tabeliliidri tempos p\u00fcsida ning seet\u00f5ttu oli allaj\u00e4\u00e4mine igati loogiline ja arusaadav l\u00f5pptulemus. Et korduskohtumises taastuks vastasseisu pinge, peaks Caernarfon olema n\u00e4dalaga teinud ebareaalse \u00fcmbers\u00fcnni.&#13;\n<\/p>\n<p>Olgem ausad, kui Levadia m\u00e4ngib kasv\u00f5i osa oma tasemest v\u00e4lja, ei tohiks edasip\u00e4\u00e4sejas k\u00fcsimustki olla. Ainus, kes saab sellesse vastasseisu p\u00f5nevust tuua, on Levadia ise, kuid nende senisest hooajast j\u00e4reldades ei tundu Levadia ootamatu lagunemine koduv\u00e4ljakul t\u00f5en\u00e4oline.&#13;\n<\/p>\n<p>Ent Vjat\u0161eslav Zahovaiko mehed ei saa ega tohi kinni j\u00e4\u00e4da 5:0 eduseisu, vaid peavad neljap\u00e4evast m\u00e4ngu v\u00f5tma kui taaskordset v\u00f5imalust v\u00f5ita jalgpallim\u00e4ng. Seda r\u00f5hutas ka Levadia peatreener m\u00e4ngueelsel pressikonverentsil \u2013 nende hoiak on, et avavile k\u00f5lades seisavad A. Le Coq Arena tablool nullid ning eesm\u00e4rk on sarnaselt eelmisele n\u00e4dalale l\u00f5puvile k\u00f5lades v\u00f5itjana v\u00e4ljakult lehkuda.<\/p>\n<p>Mida Levadia selleks tegema peab? Lihtne vastus on, et m\u00e4ngima samamoodi nagu viimati. &#8220;Meie peamine fookus on enda m\u00e4ng peale suruda. Tahame h\u00e4sti alustada, m\u00e4ngu v\u00f5imalikult palju kontrollida ja olla resultatiivsed,&#8221; s\u00f5nastas Zahovaiko m\u00e4ngu eesm\u00e4rgi, millega Levadia Walesis sai kenasti hakkama.\u00a0&#13;\n<\/p>\n<p>K\u00f5ige eelneva juures on v\u00f5tmes\u00f5na h\u00e4\u00e4lestatus. Levadia t\u00f5estas, et on vastasest f\u00fc\u00fcsiliselt ja oskuste poolest \u00fcle, ent sellele vaatamata ei tohi kordusm\u00e4nguks vaimne fookus kaduda, sest vastasel juhul v\u00f5ib saada valusalt n\u00f5elata. &#8220;Iga eurom\u00e4ng on eriline ja naiivne oleks m\u00f5elda, et eestlastena tuleb meil Euroopas kerge m\u00e4ng,&#8221; lausus Levadia \u00e4\u00e4rekaitsja Frank Liivak tabavalt korduskohtumise eelsel pressikonverentsil.&#13;\n<\/p>\n<p>Magusad punktid ja rekord&#13;\n<\/p>\n<p>\u00dchepoolne avam\u00e4ng Walesis annab lootust neljap\u00e4evaks, et Levadia nopib v\u00f5rdlemisis v\u00e4hese sportliku huviga m\u00e4ngus Eesti klubidele \u00fclivajalikke koefitsiendipunkte. M\u00f6\u00f6dunud n\u00e4dalast j\u00e4i meile pihku kaks v\u00f5itu ning viik, sellele lisandus teisip\u00e4eval FC Flora viik Gruusias Thbilisi Iberiaga.<\/p>\n<p>Et s\u00e4ilitada \u00fclej\u00e4rgmiseks eurohooajaks neljas eurokoht, on Eesti klubidel t\u00e4navu hinnanguliselt vaja kaheksat v\u00f5iduga kaasnevat koefitsiendipunktide hulka. Kahtlemata on Caernarfon koduv\u00e4ljakul t\u00e4navuse eurosuve magusaim v\u00f5imalus, et v\u00f5rdlemisi keerulisele eesm\u00e4rgile tubli samm l\u00e4hemale astuda. Teise eelringi niiv\u00f5rd lahja tasemega vastaseid ei p\u00e4\u00e4se ning seet\u00f5ttu on sealt europunktide korjamine juba mitme grammi v\u00f5rra raskem \u00fclesanne.&#13;\n<\/p>\n<blockquote class=\"instagram-media\" data-instgrm-captioned=\"\" data-instgrm-permalink=\"https:\/\/www.instagram.com\/p\/Da0pkQmCAJ4\/?utm_source=ig_embed&amp;utm_campaign=loading\" data-instgrm-version=\"14\" style=\" background:#FFF; border:0; border-radius:3px; box-shadow:0 0 1px 0 rgba(0,0,0,0.5),0 1px 10px 0 rgba(0,0,0,0.15); margin: 1px; max-width:540px; min-width:326px; padding:0; width:99.375%; width:-webkit-calc(100% - 2px); width:calc(100% - 2px);\"><p>&#13;<br \/>\n&#13;\n<\/p><\/blockquote>\n<p>5:0 v\u00f5it andis p\u00f5hjust kiigata ajalooraamatusse. Levadia sujuv ja domineeriv eelmise n\u00e4dala esitus oli Eesti klubide k\u00f5ige suureskoorilisem v\u00f5it v\u00f5\u00f5rsilm\u00e4ngus ning palju ei j\u00e4\u00e4nud puudu ka 2014. aastast klubi nimel olevast Eesti aegade suurimast eurov\u00f5idust, mis toona s\u00fcndis Kadriorus San Marino klubi La Fiorita alistamisega.<\/p>\n<p>Kui seekord m\u00e4ngitakse sama innikualt kui Walesis, pole v\u00e4listatud, et 12 aastat p\u00fcsinud rekord v\u00f5ib Lillek\u00fclas korduda v\u00f5i isegi uueneda. M\u00f5istagi pole selleks vajadust, ent Levadia t\u00f5estas, et nad on suutelised rekordit p\u00fc\u00fcdma ja saavutama. Kui vastasseisu edasip\u00e4\u00e4seja osas v\u00f5ib huvi olla suuresti kadunud, siis v\u00f5ib selle t\u00e4hise m\u00e4rkimine olla v\u00e4ike publikuhuvi tekitaja. &#8220;Ongi hea \u00fcleskutse, et kui kedagi need rekordid t\u00f5esti huvitavad, siis tulge staadionile kohale ja meie anname endast parima. L\u00f5puvile j\u00e4rel vaatame, mis seis on!&#8221; lausus Liivak.&#13;\n<\/p>\n<p>Levadia ja Caernarfon Towni vaheline Konverentsiliiga esimese eelringi korduskohtumine algab A. Le Coq Arenal neljap\u00e4eval kell 19.30. Soccernet TV n\u00e4itab m\u00e4ngu otsepildis, \u00fclekannet kommenteerivad Kris Ilves ja Markus J\u00fcrgenson.\u00a0<\/p>\n<p>          <script async src=\"\/\/www.instagram.com\/embed.js\"><\/script><\/p>\n","protected":false},"excerpt":{"rendered":"&#13; FCI Levadia on Konverentsiliiga esimese eelringi korduskohtumise eel Eesti klubile harukordses olukorras \u2013 neil on avam\u00e4ngust k\u00e4es&hellip;\n","protected":false},"author":2,"featured_media":229217,"comment_status":"","ping_status":"","sticky":false,"template":"","format":"standard","meta":{"footnotes":"","_share_on_mastodon":"0"},"categories":[18],"tags":[5288,92245,91075,37,33,35,91130,34,36,22419,1572,5446,2553,29996,74388,92246,7310,92247,1358,889,10183,159,158,29616,1364],"class_list":["post-229216","post","type-post","status-publish","format-standard","has-post-thumbnail","category-sport","tag-a-le-coq-arena","tag-caernafron-town","tag-caernarfon","tag-ee","tag-eesti","tag-eesti-keel","tag-esimene-eelring","tag-estonia","tag-estonian","tag-eurosari","tag-fci-levadia","tag-frank-liivak","tag-goteborg","tag-ifk-goteborg","tag-kadrioru-staadion","tag-koefitisendipunktid","tag-konverentsiliiga","tag-la-fiorita","tag-levadia","tag-rootsi","tag-san-marino","tag-sport","tag-sports","tag-vjatseslav-zahovaiko","tag-wales"],"share_on_mastodon":{"url":"https:\/\/pubeurope.com\/@ee\/116927992295339872","error":""},"_links":{"self":[{"href":"https:\/\/www.europesays.com\/ee\/wp-json\/wp\/v2\/posts\/229216","targetHints":{"allow":["GET"]}}],"collection":[{"href":"https:\/\/www.europesays.com\/ee\/wp-json\/wp\/v2\/posts"}],"about":[{"href":"https:\/\/www.europesays.com\/ee\/wp-json\/wp\/v2\/types\/post"}],"author":[{"embeddable":true,"href":"https:\/\/www.europesays.com\/ee\/wp-json\/wp\/v2\/users\/2"}],"replies":[{"embeddable":true,"href":"https:\/\/www.europesays.com\/ee\/wp-json\/wp\/v2\/comments?post=229216"}],"version-history":[{"count":0,"href":"https:\/\/www.europesays.com\/ee\/wp-json\/wp\/v2\/posts\/229216\/revisions"}],"wp:featuredmedia":[{"embeddable":true,"href":"https:\/\/www.europesays.com\/ee\/wp-json\/wp\/v2\/media\/229217"}],"wp:attachment":[{"href":"https:\/\/www.europesays.com\/ee\/wp-json\/wp\/v2\/media?parent=229216"}],"wp:term":[{"taxonomy":"category","embeddable":true,"href":"https:\/\/www.europesays.com\/ee\/wp-json\/wp\/v2\/categories?post=229216"},{"taxonomy":"post_tag","embeddable":true,"href":"https:\/\/www.europesays.com\/ee\/wp-json\/wp\/v2\/tags?post=229216"}],"curies":[{"name":"wp","href":"https:\/\/api.w.org\/{rel}","templated":true}]}}