{"id":229237,"date":"2026-07-16T05:59:09","date_gmt":"2026-07-16T05:59:09","guid":{"rendered":"https:\/\/www.europesays.com\/ee\/229237\/"},"modified":"2026-07-16T05:59:09","modified_gmt":"2026-07-16T05:59:09","slug":"merz-loodab-et-usa-ei-sekku-saksamaa-sugisel-toimuvatesse-valimistesse-valismaa","status":"publish","type":"post","link":"https:\/\/www.europesays.com\/ee\/229237\/","title":{"rendered":"Merz loodab, et USA ei sekku Saksamaa s\u00fcgisel toimuvatesse valimistesse | V\u00e4lismaa"},"content":{"rendered":"<p>Saksamaa kantsler Friedrich Merz avaldas kolmap\u00e4eval lootust, et USA ei sekku Saksamaa s\u00fcgisestesse liiduma-valimistesse.<\/p>\n<p>Merz \u00fctles pressikonverentsil, et valitsus on saavutanud kindla jalgealuse. Merzi populaarsus on samal ajal madal ning tema valitsus p\u00fc\u00fcab n\u00fc\u00fcd majandust elavdada.<\/p>\n<p>Septembris toimuvad valimised kolmes liidumaas ning parempopulistlik erakond Alternatiiv Saksamaale (AfD) v\u00f5ib saavutada Saksi-Anhaltis absoluutse enamuse.<\/p>\n<p>AfD-l on ookeani taga ka v\u00f5imsad s\u00f5brad ja liitlased ning USA k\u00e4ivitas esmasp\u00e4eval mitme miljoni dollari suuruse rahastamisprogrammi, mis ametliku selgituse kohaselt on ette n\u00e4htud selleks, et &#8220;tugevdada demokraatlikku vastupanuv\u00f5imet, \u00f5igusriigi p\u00f5him\u00f5tteid, s\u00f5na- ja ajakirjandusvabadust ning inim\u00f5iguste kaitsmist Euroopas&#8221;.<\/p>\n<p>Merz avaldas samas lootust, et \u00dchendriigid ei kavatse Saksamaa valimistesse sekkuda.\u00a0<\/p>\n<p>&#8220;Olen alati \u00f6elnud, et meie omalt poolt ei sekku Ameerika valimistesse. Oleme sellest p\u00f5him\u00f5ttest alati kinni pidanud. Samamoodi ei soovi ma, et USA valitsus v\u00f5i valitsusega seotud institutsioonid sekkuksid Saksamaa valimistesse,&#8221; \u00fctles Merz.\u00a0<\/p>\n<p>&#8220;Saksamaal on erakondade rahastamine v\u00e4lismaalt ebaseaduslik. See on ebaseaduslik,&#8221; toonitas Merz.<\/p>\n<p>Arvamusk\u00fcsitluste kohaselt juhib AfD nii Saksi-Anhaltis kui ka Mecklenburg-Vorpommernis enne septembris neil liidumaadel toimuvaid valimisi.<\/p>\n<p>Eriti Saksi-Anhaltis n\u00e4hakse AfD-l reaalset v\u00f5imalust v\u00f5ita parlamendis enamus ja moodustada oma ajaloo esimene liidumaa tasandi valitsus.<\/p>\n<p>Merz avaldas samas lootust, et AfD ei saavuta liidumaa valimistel absoluutset enamust.\u00a0 &#8220;Ma teen Saksamaal k\u00f5ik endast oleneva, et seda v\u00e4ltida,&#8221; \u00fctles Merz.<\/p>\n<p>&#8220;Valimiskampaania on alles algamas. Olen endiselt kindel, et meil \u00f5nnestub eelseisvatel piirkondlikel valimistel takistada AfD-l parlamendienamuse saavutamist. Ja ma s\u00e4ilitan selle optimismi kuni valimis\u00f5htuni ,&#8221; \u00fctles Merz.<\/p>\n","protected":false},"excerpt":{"rendered":"Saksamaa kantsler Friedrich Merz avaldas kolmap\u00e4eval lootust, et USA ei sekku Saksamaa s\u00fcgisestesse liiduma-valimistesse. Merz \u00fctles pressikonverentsil, et&hellip;\n","protected":false},"author":2,"featured_media":229238,"comment_status":"","ping_status":"","sticky":false,"template":"","format":"standard","meta":{"footnotes":"","_share_on_mastodon":"0"},"categories":[80],"tags":[12512,26,27,37,33,35,34,36,31,32,1142,21,28,29,95,19,25,51,23,24,22,325,20,670,30,92,93,94],"class_list":["post-229237","post","type-post","status-publish","format-standard","has-post-thumbnail","category-maailm","tag-afd","tag-breaking-news","tag-breakingnews","tag-ee","tag-eesti","tag-eesti-keel","tag-estonia","tag-estonian","tag-featured-news","tag-featurednews","tag-friedrich-merz","tag-headlines","tag-latest-news","tag-latestnews","tag-maailm","tag-news","tag-populaarseimad-lood","tag-saksamaa","tag-top-stories","tag-topstories","tag-uldised-uudised","tag-usa","tag-uudised","tag-valimised","tag-viimased-uudised","tag-world","tag-world-news","tag-worldnews"],"share_on_mastodon":{"url":"https:\/\/pubeurope.com\/@ee\/116928129530928810","error":""},"_links":{"self":[{"href":"https:\/\/www.europesays.com\/ee\/wp-json\/wp\/v2\/posts\/229237","targetHints":{"allow":["GET"]}}],"collection":[{"href":"https:\/\/www.europesays.com\/ee\/wp-json\/wp\/v2\/posts"}],"about":[{"href":"https:\/\/www.europesays.com\/ee\/wp-json\/wp\/v2\/types\/post"}],"author":[{"embeddable":true,"href":"https:\/\/www.europesays.com\/ee\/wp-json\/wp\/v2\/users\/2"}],"replies":[{"embeddable":true,"href":"https:\/\/www.europesays.com\/ee\/wp-json\/wp\/v2\/comments?post=229237"}],"version-history":[{"count":0,"href":"https:\/\/www.europesays.com\/ee\/wp-json\/wp\/v2\/posts\/229237\/revisions"}],"wp:featuredmedia":[{"embeddable":true,"href":"https:\/\/www.europesays.com\/ee\/wp-json\/wp\/v2\/media\/229238"}],"wp:attachment":[{"href":"https:\/\/www.europesays.com\/ee\/wp-json\/wp\/v2\/media?parent=229237"}],"wp:term":[{"taxonomy":"category","embeddable":true,"href":"https:\/\/www.europesays.com\/ee\/wp-json\/wp\/v2\/categories?post=229237"},{"taxonomy":"post_tag","embeddable":true,"href":"https:\/\/www.europesays.com\/ee\/wp-json\/wp\/v2\/tags?post=229237"}],"curies":[{"name":"wp","href":"https:\/\/api.w.org\/{rel}","templated":true}]}}