{"id":229275,"date":"2026-07-16T06:45:10","date_gmt":"2026-07-16T06:45:10","guid":{"rendered":"https:\/\/www.europesays.com\/ee\/229275\/"},"modified":"2026-07-16T06:45:10","modified_gmt":"2026-07-16T06:45:10","slug":"85-aastat-tagasi-hukkasid-eestlased-moisakulas-massihaua-veerel-kumneid-rahvuskaaslasi","status":"publish","type":"post","link":"https:\/\/www.europesays.com\/ee\/229275\/","title":{"rendered":"85 aastat tagasi hukkasid eestlased M\u00f5isak\u00fclas massihaua veerel k\u00fcmneid rahvuskaaslasi"},"content":{"rendered":"<p>Ohvrid hukati massihaua veerel vintp\u00fcsside ja automaatrelvadega seitsme kaupa. Hilisem v\u00e4ljakaevamine andis tunnistust, et nii m\u00f5nigi ohver ei surnud kuulitabamusest, vaid l\u00e4mbus. Hukkamise p\u00f5hjused on t\u00e4nini segased, sest kohut ei peetud ning \u00fckski hukatu ei saanud v\u00f5imalustki ennast kaitsta. Veel mituk\u00fcmmend ohvrit hukati n\u00e4dal hiljem naabertalu maadel.<\/p>\n","protected":false},"excerpt":{"rendered":"Ohvrid hukati massihaua veerel vintp\u00fcsside ja automaatrelvadega seitsme kaupa. Hilisem v\u00e4ljakaevamine andis tunnistust, et nii m\u00f5nigi ohver ei&hellip;\n","protected":false},"author":2,"featured_media":229276,"comment_status":"","ping_status":"","sticky":false,"template":"","format":"standard","meta":{"footnotes":"","_share_on_mastodon":"0"},"categories":[5],"tags":[622,26,27,37,33,35,34,36,31,32,1780,21,1781,28,29,1778,1773,19,1774,25,1771,1779,23,24,196,22,20,30,986,1782,1776,1777,1775,1772,1784,1785,1783,598],"class_list":["post-229275","post","type-post","status-publish","format-standard","has-post-thumbnail","category-uldised-uudised","tag-ajakirjandus","tag-breaking-news","tag-breakingnews","tag-ee","tag-eesti","tag-eesti-keel","tag-estonia","tag-estonian","tag-featured-news","tag-featurednews","tag-folk","tag-headlines","tag-kultuuriakadeemia","tag-latest-news","tag-latestnews","tag-mulgi-vald","tag-mulgimaa","tag-news","tag-pohja-sakala","tag-populaarseimad-lood","tag-sakala","tag-soomaa","tag-top-stories","tag-topstories","tag-ugala","tag-uldised-uudised","tag-uudised","tag-viimased-uudised","tag-viljandi","tag-viljandi-haigla","tag-viljandi-linn","tag-viljandi-uudised","tag-viljandi-vald","tag-viljandimaa","tag-viljandimaa-ettevotlus","tag-viljandimaa-sundmused","tag-viljandimaa-uudised","tag-vortsjarv"],"share_on_mastodon":{"url":"","error":"Validation failed: Text character limit of 500 exceeded"},"_links":{"self":[{"href":"https:\/\/www.europesays.com\/ee\/wp-json\/wp\/v2\/posts\/229275","targetHints":{"allow":["GET"]}}],"collection":[{"href":"https:\/\/www.europesays.com\/ee\/wp-json\/wp\/v2\/posts"}],"about":[{"href":"https:\/\/www.europesays.com\/ee\/wp-json\/wp\/v2\/types\/post"}],"author":[{"embeddable":true,"href":"https:\/\/www.europesays.com\/ee\/wp-json\/wp\/v2\/users\/2"}],"replies":[{"embeddable":true,"href":"https:\/\/www.europesays.com\/ee\/wp-json\/wp\/v2\/comments?post=229275"}],"version-history":[{"count":0,"href":"https:\/\/www.europesays.com\/ee\/wp-json\/wp\/v2\/posts\/229275\/revisions"}],"wp:featuredmedia":[{"embeddable":true,"href":"https:\/\/www.europesays.com\/ee\/wp-json\/wp\/v2\/media\/229276"}],"wp:attachment":[{"href":"https:\/\/www.europesays.com\/ee\/wp-json\/wp\/v2\/media?parent=229275"}],"wp:term":[{"taxonomy":"category","embeddable":true,"href":"https:\/\/www.europesays.com\/ee\/wp-json\/wp\/v2\/categories?post=229275"},{"taxonomy":"post_tag","embeddable":true,"href":"https:\/\/www.europesays.com\/ee\/wp-json\/wp\/v2\/tags?post=229275"}],"curies":[{"name":"wp","href":"https:\/\/api.w.org\/{rel}","templated":true}]}}