{"id":229317,"date":"2026-07-16T07:29:07","date_gmt":"2026-07-16T07:29:07","guid":{"rendered":"https:\/\/www.europesays.com\/ee\/229317\/"},"modified":"2026-07-16T07:29:07","modified_gmt":"2026-07-16T07:29:07","slug":"suur-osa-metssigade-kuttimismahust-tuleb-taita-saaremaa-ja-muhumaa-jahimeestel","status":"publish","type":"post","link":"https:\/\/www.europesays.com\/ee\/229317\/","title":{"rendered":"Suur osa metssigade k\u00fcttimismahust tuleb t\u00e4ita Saaremaa ja Muhumaa jahimeestel"},"content":{"rendered":"<p>            <a href=\"https:\/\/www.europesays.com\/ee\/wp-content\/uploads\/2026\/07\/23601641336_d6b9640b13_b.webp\" data-caption=\"Foto: Flickr\"><img loading=\"lazy\" decoding=\"async\" width=\"1024\" height=\"601\" class=\"entry-thumb td-modal-image\" src=\"https:\/\/www.europesays.com\/ee\/wp-content\/uploads\/2026\/07\/23601641336_d6b9640b13_b.webp\"   alt=\"\" title=\"metssiga\"\/><\/a>Foto: Flickr<\/p>\n<p>Keskkonnaagentuur m\u00e4\u00e4ras t\u00e4navuseks jahihooajaks metssigade k\u00fcttimismahud mullused veidi v\u00e4iksemaks, kuid \u00fcle kolmandiku kogu Eesti k\u00fcttimiskohustusest tuleb t\u00e4ita Saaremaa ja Muhumaa jahimeestel.<\/p>\n<p>Saaremaa ja Muhumaa jahimehed tegid eelmisel jahihooajal metssigade k\u00fcttimise rekordi 5822 k\u00fctitud seaga, et ohjeldada sigade Aafrika katku levikut, vahendab ERR. T\u00e4navuses hooajas on limiiti v\u00e4hendatud k\u00fcll 1000 sea v\u00f5rra, kuid ikkagi tuleb Saaremaa ja Muhumaa metsadest \u00fcles leida 4800 metssiga, samal ajal kui kogu Eesti peale on k\u00fcttimisnumber 13 200.<\/p>\n<p>\u201cV\u00e4ga suur osa sellest k\u00fcttimissurvest langeb saartele, aga saared on meil olnud aastaid ka need kohad, kus see asustustihedus on kordades k\u00f5rgem olnud sellest tasemest, mida n\u00e4iteks loomataudide t\u00f5rje ekspertr\u00fchm on soovitanud. Mandri-Eestis paljudes maakondades on seda oluliselt tagasi t\u00f5mmatud, sest seaarvukus on nii palju langenud ja paiguti on ta v\u00e4ga h\u00f5reda asustustiheduse juures juba,\u201d r\u00e4\u00e4kis keskkonnaagentuuri juhtivspetsialist Rauno Veeroja.<\/p>\n<p>Vaata l\u00e4hemalt <a href=\"https:\/\/www.err.ee\/1610078308\/suur-osa-metssigade-kuttimismahust-tuleb-taita-saaremaa-ja-muhumaa-jahimeestel\" target=\"_blank\" rel=\"noopener nofollow\">ERR-ist<\/a>.<\/p>\n<p>\u00a0<\/p>\n","protected":false},"excerpt":{"rendered":"Foto: Flickr Keskkonnaagentuur m\u00e4\u00e4ras t\u00e4navuseks jahihooajaks metssigade k\u00fcttimismahud mullused veidi v\u00e4iksemaks, kuid \u00fcle kolmandiku kogu Eesti k\u00fcttimiskohustusest tuleb&hellip;\n","protected":false},"author":2,"featured_media":229318,"comment_status":"","ping_status":"","sticky":false,"template":"","format":"standard","meta":{"footnotes":"","_share_on_mastodon":"0"},"categories":[5],"tags":[26,27,37,33,35,34,36,31,32,21,3914,2832,6997,28,29,5777,19,25,6768,7655,5463,1397,23,24,22,20,30],"class_list":["post-229317","post","type-post","status-publish","format-standard","has-post-thumbnail","category-uldised-uudised","tag-breaking-news","tag-breakingnews","tag-ee","tag-eesti","tag-eesti-keel","tag-estonia","tag-estonian","tag-featured-news","tag-featurednews","tag-headlines","tag-jahimees","tag-jahindus","tag-keskkonnaagentuur","tag-latest-news","tag-latestnews","tag-metssiga","tag-news","tag-populaarseimad-lood","tag-sak","tag-seafarm","tag-seakatk","tag-sigade-aafrika-katk","tag-top-stories","tag-topstories","tag-uldised-uudised","tag-uudised","tag-viimased-uudised"],"share_on_mastodon":{"url":"https:\/\/pubeurope.com\/@ee\/116928483404673917","error":""},"_links":{"self":[{"href":"https:\/\/www.europesays.com\/ee\/wp-json\/wp\/v2\/posts\/229317","targetHints":{"allow":["GET"]}}],"collection":[{"href":"https:\/\/www.europesays.com\/ee\/wp-json\/wp\/v2\/posts"}],"about":[{"href":"https:\/\/www.europesays.com\/ee\/wp-json\/wp\/v2\/types\/post"}],"author":[{"embeddable":true,"href":"https:\/\/www.europesays.com\/ee\/wp-json\/wp\/v2\/users\/2"}],"replies":[{"embeddable":true,"href":"https:\/\/www.europesays.com\/ee\/wp-json\/wp\/v2\/comments?post=229317"}],"version-history":[{"count":0,"href":"https:\/\/www.europesays.com\/ee\/wp-json\/wp\/v2\/posts\/229317\/revisions"}],"wp:featuredmedia":[{"embeddable":true,"href":"https:\/\/www.europesays.com\/ee\/wp-json\/wp\/v2\/media\/229318"}],"wp:attachment":[{"href":"https:\/\/www.europesays.com\/ee\/wp-json\/wp\/v2\/media?parent=229317"}],"wp:term":[{"taxonomy":"category","embeddable":true,"href":"https:\/\/www.europesays.com\/ee\/wp-json\/wp\/v2\/categories?post=229317"},{"taxonomy":"post_tag","embeddable":true,"href":"https:\/\/www.europesays.com\/ee\/wp-json\/wp\/v2\/tags?post=229317"}],"curies":[{"name":"wp","href":"https:\/\/api.w.org\/{rel}","templated":true}]}}