{"id":229380,"date":"2026-07-16T08:57:13","date_gmt":"2026-07-16T08:57:13","guid":{"rendered":"https:\/\/www.europesays.com\/ee\/229380\/"},"modified":"2026-07-16T08:57:13","modified_gmt":"2026-07-16T08:57:13","slug":"ule-120-lamba-hukkunud-saksamaal-vaieldakse-huntide-kuttimise-ule","status":"publish","type":"post","link":"https:\/\/www.europesays.com\/ee\/229380\/","title":{"rendered":"\u00dcle 120 lamba hukkunud: Saksamaal vaieldakse huntide k\u00fcttimise \u00fcle"},"content":{"rendered":"<p>            <a href=\"https:\/\/www.europesays.com\/ee\/wp-content\/uploads\/2026\/07\/colin00b-wolf-6320168_1280.jpg\" data-caption=\"Foto: Pixabay\"><img loading=\"lazy\" decoding=\"async\" width=\"1015\" height=\"1280\" class=\"entry-thumb td-modal-image\" src=\"https:\/\/www.europesays.com\/ee\/wp-content\/uploads\/2026\/07\/colin00b-wolf-6320168_1280.jpg\"   alt=\"\" title=\"hunt\"\/><\/a>Foto: Pixabay<\/p>\n<p>Saksamaal Wittenbergi maakonnas on loomapidajad juba \u00fcle aasta elanud hirmus. Hundikari on seal enam kui 50 korral \u00fcletanud karjaaedu ja r\u00fcnnanud kariloomi. \u00dcks hunt on k\u00fcll maha lastud, kuid probleem pole siiani kadunud.<\/p>\n<p>Lambakasvataja Thomas Gutzmer kardab iga p\u00e4ev halvimat, kui l\u00e4heb oma lambaid vaatama. Pretzschi p\u00f5llumajandus\u00fchistu juhatuse esimees on registreerinud juba kuus r\u00fcnnakut oma loomadele, seda hoolimata hundikindlatest karjaaedadest ja karjakaitsekoertest. K\u00f5ige sagedamini on r\u00fcnnakute p\u00f5hjustajana tuvastatud hunt m\u00e4rgisega GW4012m piirkondade Bad Schmiedebergi ja Kembergi \u00fcmbruses, vahendab Saksa v\u00e4ljaanne <a href=\"https:\/\/www.mdr.de\/nachrichten\/sachsen-anhalt\/dessau\/wittenberg\/woelfe-schaf-schaf-riss-wolfsrudel-abschuss-jagdrecht-herdenschutz-,wolf-636.html?fbclid=IwY2xjawTEGRZleHRuA2FlbQIxMABicmlkETBFYmpnb29JbElnZWxQS2Rnc3J0YwZhcHBfaWQQMjIyMDM5MTc4ODIwMDg5MgABHl-1wk7YicTiLPlTP0Lh4rZQDLtjG8ca1XiA-5Aj8zgaMrhuTqOvTT-Ddl_v_aem_VmQt1nfytP2IAZr_517BYA\" target=\"_blank\" rel=\"noopener nofollow\">mdr.de<\/a>.<\/p>\n<p>Hunt \u00f5ppis aedu \u00fcletama<\/p>\n<p>\u201eMeie andmetel on tegemist Lausitzi piirkonnast p\u00e4rit isase hundiga,\u201c r\u00e4\u00e4gib Gutzmer. \u201eSeal paigaldati Aafrika seakatku t\u00f5ttu aiad, et metssead kindlas piirkonnas hoida.\u201c<\/p>\n<p>Just nendel elektrita aedadel \u00f5ppis hunt \u00fcle h\u00fcppama, enne kui ta Wittenbergi maakonda edasi liikus. Seal kasutas kiskja omandatud oskust, et tungida korduvalt lammaste ja veiste aedikutesse.<\/p>\n<p>Kaebus k\u00fcttimisloa vastu<\/p>\n<p>Pretzschi p\u00f5llumajandus\u00fchistu kahjud on olnud teistega v\u00f5rreldes siiski v\u00e4iksemad, kuigi \u00fches r\u00fcnnakus sai vigastada isegi karjakaitsekoer. \u00dchel Kembergi l\u00e4hedal tegutseval loomapidajal l\u00e4ks aga m\u00e4rksa halvemini, kuna alates 2025. aasta aprillist on ta kaotanud \u00fcle 120 lamba.<\/p>\n<p>Kui olukord s\u00fcgisel t\u00f5siselt halvenes ning hundiekspertiisikeskus kinnitas korduvalt, et loomapidajad olid rakendanud k\u00f5ik n\u00f5utud ja isegi t\u00e4iendavad kaitsemeetmed, v\u00e4ljastas Wittenbergi maakond hundi k\u00fcttimisloa.<\/p>\n<p>Kas k\u00fctiti vale hunt?<\/p>\n<p>Maakonna loal lasti vahepeal \u00fcks hunt maha, kuid tegemist ei olnud isendiga, kes on m\u00e4rgisega GW4012m. Jahimehe vastu esitati kohe kuriteoteade. Selle tulemusena ei ole \u00fckski jahimees enam valmis samas piiratud piirkonnas uut hunti k\u00fcttima.<\/p>\n<p>\u201eJahimehed m\u00f5istavad probleemi,\u201c \u00fctleb lambakasvataja. \u201eNad n\u00e4evad, mida hunt meie karjadega teeb. Aga menetlus on nii keeruline, et jahiasutused on sellest meeleheitel ja jahimehed peavad arvestama kohtuvaidlustega. Seet\u00f5ttu nad \u00fctlevadki, et ei lase,\u201c selgitas Gutzmer.<\/p>\n<p>Raske kindlat isendit tuvastada<\/p>\n<p>Liidumaa jahimeeste liidu president Carsten Scholz ei n\u00e4e eksimusi ei maakonna ega jahimehe tegevuses.<\/p>\n<p>\u201eMul on hea meel, et l\u00f5puks tegutsetakse, mitte ainult ei r\u00e4\u00e4gita,\u201c \u00fctles Scholz. \u201eRaskusi oli siiski oodata.\u201c<\/p>\n<p>Tema hinnangul l\u00f5petatakse k\u00f5ik menetlused, sest kogu tegevus toimus kehtivate n\u00f5uete j\u00e4rgi.<\/p>\n<p>Thomas Gutzmer kaitseb oma loomi 1,20 meetri k\u00f5rguste elektrikarjustega ning kasutab karjakaitsekoeri. Seadus n\u00f5uab vaid 90 sentimeetri k\u00f5rguseid aedu.<\/p>\n<p>K\u00fcttimisluba kehtis tegelikult piirkonna kohta, kus r\u00fcnnakuid on k\u00f5ige rohkem esinenud, mitte \u00fche konkreetse hundi suhtes, keda jahimeestel oleks niikuinii raske kindlalt tuvastada.<\/p>\n<p>Noor hunt samast karjast<\/p>\n<p>Maha lasti noor hunt, kes kuulus m\u00e4rgisega GW4012m karja. Gutzmeri s\u00f5nul on t\u00f5endatud, et ka see loom k\u00e4is kariloomi murdmas.<\/p>\n<p>Liidu presidendi arvates on lahendus vaid \u00fcks: hundid peavad \u00f5ppima, et aedikutesse tungimine on neile ohtlik.<\/p>\n<p>\u201eTuleb eemaldada veel hunte. Kui kari sellest ei \u00f5pi, tuleb vajadusel eemaldada kogu kari,\u201c leidis Scholz.<\/p>\n<p>Jahiseadus muutus, vaidlused j\u00e4tkuvad<\/p>\n<p>Thomas Gutzmer jagab seda seisukohta. \u201ePole kasu seaduste muutmisest, kui samal ajal lubatakse nende vastu edasi tegutseda.\u201c<\/p>\n<p>Ta viitas siinkohal Saksa jahiseaduse muudatusele, mille kohaselt kuuluvad hundid alates kevadest jahiseaduse alla. See muudab probleemsete isendite eemaldamise lihtsamaks.<\/p>\n<p>Noore hundi mahalaskmise ning uute piiratud k\u00fcttimislubade vastu on aga vabalt elavate huntide s\u00f5prade \u00fching esitanud kaebuse. Organisatsiooni hinnangul on hundid looduse lahutamatu osa ning olulised \u00f6koloogilise tasakaalu s\u00e4ilitamisel.<\/p>\n<p>\u00a0<\/p>\n<p>Allikas: <a href=\"https:\/\/www.mdr.de\/nachrichten\/sachsen-anhalt\/dessau\/wittenberg\/woelfe-schaf-schaf-riss-wolfsrudel-abschuss-jagdrecht-herdenschutz-,wolf-636.html?fbclid=IwY2xjawTEGRZleHRuA2FlbQIxMABicmlkETBFYmpnb29JbElnZWxQS2Rnc3J0YwZhcHBfaWQQMjIyMDM5MTc4ODIwMDg5MgABHl-1wk7YicTiLPlTP0Lh4rZQDLtjG8ca1XiA-5Aj8zgaMrhuTqOvTT-Ddl_v_aem_VmQt1nfytP2IAZr_517BYA\" target=\"_blank\" rel=\"noopener nofollow\">mdr.de<\/a><\/p>\n","protected":false},"excerpt":{"rendered":"Foto: Pixabay Saksamaal Wittenbergi maakonnas on loomapidajad juba \u00fcle aasta elanud hirmus. Hundikari on seal enam kui 50&hellip;\n","protected":false},"author":2,"featured_media":229381,"comment_status":"","ping_status":"","sticky":false,"template":"","format":"standard","meta":{"footnotes":"","_share_on_mastodon":"0"},"categories":[80],"tags":[26,27,37,33,35,34,36,31,32,21,1425,3913,3116,3914,2832,3915,92261,92262,28,29,95,2835,19,25,7664,23,24,22,12494,20,30,92,93,94],"class_list":["post-229380","post","type-post","status-publish","format-standard","has-post-thumbnail","category-maailm","tag-breaking-news","tag-breakingnews","tag-ee","tag-eesti","tag-eesti-keel","tag-estonia","tag-estonian","tag-featured-news","tag-featurednews","tag-headlines","tag-hundid","tag-hundijaht","tag-hunt","tag-jahimees","tag-jahindus","tag-jahipidamine","tag-kiskjatorjeaed","tag-lambakasvataja","tag-latest-news","tag-latestnews","tag-maailm","tag-metsloom","tag-news","tag-populaarseimad-lood","tag-suurkiskja","tag-top-stories","tag-topstories","tag-uldised-uudised","tag-ulukid","tag-uudised","tag-viimased-uudised","tag-world","tag-world-news","tag-worldnews"],"share_on_mastodon":{"url":"https:\/\/pubeurope.com\/@ee\/116928829653401645","error":""},"_links":{"self":[{"href":"https:\/\/www.europesays.com\/ee\/wp-json\/wp\/v2\/posts\/229380","targetHints":{"allow":["GET"]}}],"collection":[{"href":"https:\/\/www.europesays.com\/ee\/wp-json\/wp\/v2\/posts"}],"about":[{"href":"https:\/\/www.europesays.com\/ee\/wp-json\/wp\/v2\/types\/post"}],"author":[{"embeddable":true,"href":"https:\/\/www.europesays.com\/ee\/wp-json\/wp\/v2\/users\/2"}],"replies":[{"embeddable":true,"href":"https:\/\/www.europesays.com\/ee\/wp-json\/wp\/v2\/comments?post=229380"}],"version-history":[{"count":0,"href":"https:\/\/www.europesays.com\/ee\/wp-json\/wp\/v2\/posts\/229380\/revisions"}],"wp:featuredmedia":[{"embeddable":true,"href":"https:\/\/www.europesays.com\/ee\/wp-json\/wp\/v2\/media\/229381"}],"wp:attachment":[{"href":"https:\/\/www.europesays.com\/ee\/wp-json\/wp\/v2\/media?parent=229380"}],"wp:term":[{"taxonomy":"category","embeddable":true,"href":"https:\/\/www.europesays.com\/ee\/wp-json\/wp\/v2\/categories?post=229380"},{"taxonomy":"post_tag","embeddable":true,"href":"https:\/\/www.europesays.com\/ee\/wp-json\/wp\/v2\/tags?post=229380"}],"curies":[{"name":"wp","href":"https:\/\/api.w.org\/{rel}","templated":true}]}}