{"id":229412,"date":"2026-07-16T09:32:26","date_gmt":"2026-07-16T09:32:26","guid":{"rendered":"https:\/\/www.europesays.com\/ee\/229412\/"},"modified":"2026-07-16T09:32:26","modified_gmt":"2026-07-16T09:32:26","slug":"jaan-tootsen-toomas-paul-suutis-oma-teadmised-destilleerida-inimlikuks-sonaks-kirjandus","status":"publish","type":"post","link":"https:\/\/www.europesays.com\/ee\/229412\/","title":{"rendered":"Jaan Tootsen: Toomas Paul suutis oma teadmised destilleerida inimlikuks s\u00f5naks | Kirjandus"},"content":{"rendered":"<p>Dokumentalist ja ajakirjanik Jaan Tootsen \u00fctles ERR-ile antud j\u00e4relh\u00fc\u00fcdes, et v\u00e4ga lihtne on r\u00e4\u00e4kida ainult omasuguste professoritega, aga palju keerulisem on tuua need suured teadmised inimeste sekka, kuid Toomas Paul sai sellega v\u00e4ga h\u00e4sti hakkama.<\/p>\n<p>Tootsen s\u00f5nas, et ta tutvus Toomas Pauliga l\u00e4bi &#8220;\u00d6\u00f6\u00fclikooli&#8221;. &#8220;See oli 2008. aastal, kui ta oma esimese loengu meil pidas,&#8221; meenutas ta ja kinnitas, et p\u00e4rast seda j\u00e4id nad ka suhtlema. &#8220;Me polnud kogu aeg ninapidi koos, aga just viimase kolme aasta jooksul sain temaga ikka 10-15 korda kokku, siis oli ta juba Tallinna Diakooniahaiglas. Seal oli tal armas toake, nagu tilluke kodu. Raamaturiiul ja arvuti. Nii et kirjat\u00f6\u00f6d tegi ta j\u00f5udum\u00f6\u00f6da viimase ajani. N\u00fc\u00fcd tagasi m\u00f5eldes on tunne, et oleks v\u00f5inud rohkemgi k\u00fclas k\u00e4ia, sest need olid h\u00e4sti toredad hetked.&#8221;<\/p>\n<p>&#8220;Mul oli kogu aeg tunne, et on tore\u00a0 minna k\u00fcll just s\u00f5bra, mitte ajakirjanikuna,&#8221; r\u00f5hutas ta ja lisas, et tal on alati komme k\u00e4ia salvestada, pildistada ja filmiga, aga koos Toomas Pauliga hoidis ta end teadlikult tagasi. &#8220;Mingeid jutte k\u00fcll savelstasin, aga oli tore kohtuda just s\u00f5brana, sest mul oli temaga nii hea ja kerge koos olla, kartsin, et mikrofon v\u00f5i kaamera v\u00f5ivad seda segama hakata&#8221;.<\/p>\n<p>Tootsen meenutas seejuures ka Fred J\u00fcssi abikaasa Helju J\u00fcssi s\u00f5nu, kes on \u00f6elnud, et ega igast ilusast asjast siin maailmas pole vaja raadiosaadet teha.\u00a0<\/p>\n<p>Ta t\u00f5i Toomas Pauli olulise v\u00e4\u00e4rtuse v\u00e4lja piiride\u00fclesusest. &#8220;\u00dchelt poolt humanitaar, aga teisalt ka vaimulik, teoloog ja t\u00f5lkija, seejuures oli tal ka tugev huvi loodusteaduste vastu, mind on n\u00e4iteks paelunud see, kuidas ta teoloogina uurib uuemat kosmoloogiat, mis n\u00f5uab v\u00e4ga h\u00e4id eelteadmisi matemaatikast ja f\u00fc\u00fcsikast,&#8221; selgitas ta ja mainis, et see on eriline anne, kuidas ta oma reaalteaduste ja teoloogilised teadmised suutis destilleerida inimlikuks s\u00f5naks. &#8220;Selliseks, millest saab ka harilik inimene aru.&#8221;<\/p>\n<p>&#8220;V\u00e4ga lihtne on r\u00e4\u00e4kida ainult omasuguste professoritega, aga palju keerulisem on tuua need suured teadmised inimeste sekka, Toomas Paul sai sellega aga v\u00e4ga h\u00e4sti hakkama,&#8221; kinnitas Tootsen ja lisas, et selle k\u00f5ige k\u00f5rval oli tal ka v\u00e4ga hea ja m\u00f5nus huumorimeel. &#8220;Olen oma pilte ka sorteerinud ja vaadanud, et tal oli s\u00e4de silmanurgas, ta v\u00f5ttis \u00fchelt poolt maailma h\u00e4sti t\u00f5siselt, aga selle k\u00f5rval oli tal ka m\u00f5nus eneseiroonia ja huumoritaju.&#8221;<\/p>\n<p>&#8220;Ta on ise visanud nalja ka uskmatu Tooma \u00fcle ehk siis teoloog-kahtleja v\u00f5i teoloog, kes v\u00e4ga uudishimulikult vaatab ka teaduse poole, samas ei n\u00e4e ta usus ja teaduses mingit vastuolu, vaid need toetavad \u00fcksteist v\u00e4ga tugevalt,&#8221; s\u00f5nas ta ja mainis, et samas on neid s\u00fcvenemist n\u00f5udvaid erialasid\u00a0 mitmeid, milles on Toomas Pauli p\u00e4rand v\u00e4ga suur.<\/p>\n<p>&#8220;Teoloogid toovad v\u00e4lja ilmselt ka piibli t\u00f5lkimise, aga t\u00f5esti ka see rahvavalgustuslik pool, sest on v\u00e4ga paljudele inimestele andnud nuusutada, mis see kristlus on ja ta on teinud seda v\u00e4ga m\u00f5nusalt kargel moel, ta on uue aja teoloog, kes on saanud hea kontakti kaasaja maailmaga,&#8221; r\u00f5hutas ta.<\/p>\n","protected":false},"excerpt":{"rendered":"Dokumentalist ja ajakirjanik Jaan Tootsen \u00fctles ERR-ile antud j\u00e4relh\u00fc\u00fcdes, et v\u00e4ga lihtne on r\u00e4\u00e4kida ainult omasuguste professoritega, aga&hellip;\n","protected":false},"author":2,"featured_media":229413,"comment_status":"","ping_status":"","sticky":false,"template":"","format":"standard","meta":{"footnotes":"","_share_on_mastodon":"0"},"categories":[5],"tags":[26,27,37,33,35,34,36,31,32,21,92275,28,29,19,25,92097,23,24,22,20,30],"class_list":["post-229412","post","type-post","status-publish","format-standard","has-post-thumbnail","category-uldised-uudised","tag-breaking-news","tag-breakingnews","tag-ee","tag-eesti","tag-eesti-keel","tag-estonia","tag-estonian","tag-featured-news","tag-featurednews","tag-headlines","tag-jaan-tootsen","tag-latest-news","tag-latestnews","tag-news","tag-populaarseimad-lood","tag-toomas-paul","tag-top-stories","tag-topstories","tag-uldised-uudised","tag-uudised","tag-viimased-uudised"],"share_on_mastodon":{"url":"https:\/\/pubeurope.com\/@ee\/116928967040577180","error":""},"_links":{"self":[{"href":"https:\/\/www.europesays.com\/ee\/wp-json\/wp\/v2\/posts\/229412","targetHints":{"allow":["GET"]}}],"collection":[{"href":"https:\/\/www.europesays.com\/ee\/wp-json\/wp\/v2\/posts"}],"about":[{"href":"https:\/\/www.europesays.com\/ee\/wp-json\/wp\/v2\/types\/post"}],"author":[{"embeddable":true,"href":"https:\/\/www.europesays.com\/ee\/wp-json\/wp\/v2\/users\/2"}],"replies":[{"embeddable":true,"href":"https:\/\/www.europesays.com\/ee\/wp-json\/wp\/v2\/comments?post=229412"}],"version-history":[{"count":0,"href":"https:\/\/www.europesays.com\/ee\/wp-json\/wp\/v2\/posts\/229412\/revisions"}],"wp:featuredmedia":[{"embeddable":true,"href":"https:\/\/www.europesays.com\/ee\/wp-json\/wp\/v2\/media\/229413"}],"wp:attachment":[{"href":"https:\/\/www.europesays.com\/ee\/wp-json\/wp\/v2\/media?parent=229412"}],"wp:term":[{"taxonomy":"category","embeddable":true,"href":"https:\/\/www.europesays.com\/ee\/wp-json\/wp\/v2\/categories?post=229412"},{"taxonomy":"post_tag","embeddable":true,"href":"https:\/\/www.europesays.com\/ee\/wp-json\/wp\/v2\/tags?post=229412"}],"curies":[{"name":"wp","href":"https:\/\/api.w.org\/{rel}","templated":true}]}}