{"id":229518,"date":"2026-07-16T11:32:10","date_gmt":"2026-07-16T11:32:10","guid":{"rendered":"https:\/\/www.europesays.com\/ee\/229518\/"},"modified":"2026-07-16T11:32:10","modified_gmt":"2026-07-16T11:32:10","slug":"tv3-uudised-jahimehed-hakkavad-droonidega-metssigu-jalitama","status":"publish","type":"post","link":"https:\/\/www.europesays.com\/ee\/229518\/","title":{"rendered":"TV3 uudised: Jahimehed hakkavad droonidega metssigu j\u00e4litama"},"content":{"rendered":"<p>            <a href=\"https:\/\/www.europesays.com\/ee\/wp-content\/uploads\/2025\/10\/boar-7209171_1280.jpg\" data-caption=\"Foto: Pixabay\"><img loading=\"lazy\" decoding=\"async\" width=\"1280\" height=\"853\" class=\"entry-thumb td-modal-image\" src=\"https:\/\/www.europesays.com\/ee\/wp-content\/uploads\/2025\/10\/boar-7209171_1280.jpg\"   alt=\"\" title=\"metssiga\"\/><\/a>Foto: Pixabay<\/p>\n<p>P\u00f5llumajandus ja Toiduameti andmetel on sellel aastal leitud 99 juhul seakatku kandnud loomi. \u00d5nneks mitte \u00fckski seafarm ei ole veel sellel aastal seakatkuga nakatunud.<\/p>\n<p>Eesti Jahimeeste Selts on riigi toel saanud endale viis spetsiaalset drooni, millega siis teostatakse seiret \u00fcle Eesti nendes piirkondades, kus on kahtlust, et metssead v\u00f5ivad tulla farmidele liiga l\u00e4hedale ning sellega seoses kanda sinna v\u00f5imaliku seakatku, vahendab TV3.<\/p>\n<p>Droonide abil tehakse selgeks sigade liikumine ja selle teabe alusel pannakse paika juba konkreetne jahiplaan. K\u00f5ik lastud isendid ja samuti metsast leitud looma korjused tuleb saata kohustuslikus korras laboratoorsetele uuringutele. Drooniseire tulemusena veel \u00f5nneks negatiivseid leida pole avastatud.<\/p>\n<p>Vaata l\u00e4hemalt <a href=\"https:\/\/www.tv3.ee\/tv3telekanal\/tv3-uudised\/tv3-uudised-jahimehed-hakkavad-droonidega-metssigu-jalitama\/\" target=\"_blank\" rel=\"noopener nofollow\">TV3 lehelt<\/a>.<\/p>\n","protected":false},"excerpt":{"rendered":"Foto: Pixabay P\u00f5llumajandus ja Toiduameti andmetel on sellel aastal leitud 99 juhul seakatku kandnud loomi. \u00d5nneks mitte \u00fckski&hellip;\n","protected":false},"author":2,"featured_media":10937,"comment_status":"","ping_status":"","sticky":false,"template":"","format":"standard","meta":{"footnotes":"","_share_on_mastodon":"0"},"categories":[12],"tags":[26,27,37,33,35,34,36,31,32,21,3914,2832,3915,5480,28,29,5777,19,6769,25,7655,5463,5462,1397,23,24,22,20,30],"class_list":["post-229518","post","type-post","status-publish","format-standard","has-post-thumbnail","category-eesti","tag-breaking-news","tag-breakingnews","tag-ee","tag-eesti","tag-eesti-keel","tag-estonia","tag-estonian","tag-featured-news","tag-featurednews","tag-headlines","tag-jahimees","tag-jahindus","tag-jahipidamine","tag-kuttimine","tag-latest-news","tag-latestnews","tag-metssiga","tag-news","tag-pollumajandus-ja-toiduamet","tag-populaarseimad-lood","tag-seafarm","tag-seakatk","tag-siga","tag-sigade-aafrika-katk","tag-top-stories","tag-topstories","tag-uldised-uudised","tag-uudised","tag-viimased-uudised"],"share_on_mastodon":{"url":"https:\/\/pubeurope.com\/@ee\/116929438973544994","error":""},"_links":{"self":[{"href":"https:\/\/www.europesays.com\/ee\/wp-json\/wp\/v2\/posts\/229518","targetHints":{"allow":["GET"]}}],"collection":[{"href":"https:\/\/www.europesays.com\/ee\/wp-json\/wp\/v2\/posts"}],"about":[{"href":"https:\/\/www.europesays.com\/ee\/wp-json\/wp\/v2\/types\/post"}],"author":[{"embeddable":true,"href":"https:\/\/www.europesays.com\/ee\/wp-json\/wp\/v2\/users\/2"}],"replies":[{"embeddable":true,"href":"https:\/\/www.europesays.com\/ee\/wp-json\/wp\/v2\/comments?post=229518"}],"version-history":[{"count":0,"href":"https:\/\/www.europesays.com\/ee\/wp-json\/wp\/v2\/posts\/229518\/revisions"}],"wp:featuredmedia":[{"embeddable":true,"href":"https:\/\/www.europesays.com\/ee\/wp-json\/wp\/v2\/media\/10937"}],"wp:attachment":[{"href":"https:\/\/www.europesays.com\/ee\/wp-json\/wp\/v2\/media?parent=229518"}],"wp:term":[{"taxonomy":"category","embeddable":true,"href":"https:\/\/www.europesays.com\/ee\/wp-json\/wp\/v2\/categories?post=229518"},{"taxonomy":"post_tag","embeddable":true,"href":"https:\/\/www.europesays.com\/ee\/wp-json\/wp\/v2\/tags?post=229518"}],"curies":[{"name":"wp","href":"https:\/\/api.w.org\/{rel}","templated":true}]}}