{"id":229529,"date":"2026-07-16T11:44:23","date_gmt":"2026-07-16T11:44:23","guid":{"rendered":"https:\/\/www.europesays.com\/ee\/229529\/"},"modified":"2026-07-16T11:44:23","modified_gmt":"2026-07-16T11:44:23","slug":"toomas-pauli-fenomenist-tule-ja-pane-sellele-jaguarile-nuud-suurem-kaik-sisse","status":"publish","type":"post","link":"https:\/\/www.europesays.com\/ee\/229529\/","title":{"rendered":"Toomas Pauli fenomenist. \u201eTule ja pane sellele Jaguarile n\u00fc\u00fcd suurem k\u00e4ik sisse!\u201c"},"content":{"rendered":"<p>Toomas Paul oli Maalehe pikaaegne kaasautor ja viimane usutlus temaga ilmuski Maalehes t\u00e4navu \u00fclest\u00f5usmisp\u00fchade ajal. Maalehe ajakirjanik Mari Kukk \u00fctles, et kuigi emeriitvaimuliku tervis oli juba silman\u00e4htavalt halb, oli vestlus inspireeriv ja s\u00e4rav. \u201eMeie kohtumine oli soe, ta oli selles nii kohal ja olemas, nii osav\u00f5tlik,\u201c s\u00f5nas Kukk.<\/p>\n<p>Maaleht oli Toomas Pauli jaoks aastaid koht, kus oma m\u00f5tteid avaldada, ja m\u00f5lemad pooled hindasid koost\u00f6\u00f6d k\u00f5rgelt.<\/p>\n<p>\u201eOleme teinud l\u00e4bi aastate Toomas Pauliga intervjuusid ning \u00e4rgitanud teda meile kirjutama,\u201c r\u00e4\u00e4kis peatoimetaja aset\u00e4itja Bianca Mikovit\u0161. \u201eTeinekord v\u00f5ttis ta pikalt hoogu, kuid \u00e4ra ei tahtnud kunagi \u00f6elda, inimlik kontakt ja aktiivne suhtlemine olid Toomas Pauli jaoks v\u00e4ga t\u00e4htsad. Tema erakordne eruditsioon ning oskus k\u00f5nelda ka keerukatest asjadest lihtsalt ja arusaadavalt tegid temast meie jaoks imetoreda kaasteelise.\u201c<\/p>\n<p>Eestis tuleb harva ette, et kirikutegelane on kui rokkstaar, kelle n\u00e4gemiseks ja kuulamiseks v\u00f5ib tekkida kergemat sorti r\u00fcselus, nagu juhtus siis, kui emeriitvaimulik jutlustas Sutlepa kabelis.<\/p>\n<p>Sellel, et eakas vaimulik edastab oma s\u00f5numi toolil istudes, polnud kuulajate jaoks vahet, oldi t\u00e4nulik, et ta tuleb. Soov j\u00e4\u00e4da k\u00e4ttesaadavaks ja oma m\u00f5tteid jagada j\u00e4i Toomas Pauli saatma viimaste p\u00e4evadeni.<\/p>\n<p>\u201eEi ole t\u00fcdinenud,\u201c \u00fctles Toomas Paul viimases Maalehele antud intervjuus, kui ajakirjanik oli k\u00fcsinud, mida arvab eakas teoloog sellest, et aina tullakse ja p\u00e4ritakse \u00fchtesid ja samu asju ning kas poleks m\u00f5nusam omaette olla. \u201eJa mida see t\u00e4hendab siis \u2013 j\u00e4tke mind rahule? Inimene on sotsiaalne olevus, talle on vaja inimesi, nendega koos olla.\u201c<\/p>\n<p><img decoding=\"async\" src=\"https:\/\/www.europesays.com\/ee\/wp-content\/uploads\/2026\/07\/48be3629-ce96-4aa7-92ac-eaa104425f81.jpg\" loading=\"lazy\" alt=\"EELK Tallinna Jaani koguduse endised \u00f5petajad Jaan Tammsalu ja Toomas Paul esitlesid eelmise aasta oktoobris koos oma raamatuid \u201eTuul puhub, kuhu ta tahab\u201c ja \u201eIga raamat avab uue akna\u201c.\"\/><\/p>\n<p>Esialgu Saaremaal Valjala ja Karja koguduses ning hiljem Tallinna Jaani koguduses Toomas Pauli j\u00e4rglaseks saanud <a rel=\"noopener nofollow\" target=\"_blank\" href=\"https:\/\/www.delfi.ee\/teema\/56500334\/jaan-tammsalu\" tag-id=\"56500334\">Jaan Tammsalu<\/a> s\u00f5nul oli Paul k\u00f5ige \u00f5nnelikum siis, kui sai tegeleda sellega, mis talle t\u00f5eliselt meeldis: s\u00fcveneda teadust\u00f6\u00f6sse ja k\u00f5nelda inimestega. \u201eKui tal polnud administratiivseid kohustusi, millega sellisel inimesel polekski olnud vaja tegeleda,\u201c t\u00e4psustas ta. <\/p>\n<p>Hoolimata \u00fcle 40 aasta kestnud tutvusest suutis tunnustatud teoloog Tammsalugi \u00fcllatada. \u201eMind enda j\u00e4rglaseks Jaani kirikusse kutsudes v\u00f5rdles ta kogudust Jaguari mudeliga, millel on viis k\u00e4iku, aga tema ise s\u00f5idab ainult kolmandaga. Hiljem, kui oli n\u00e4inud, kuidas asjad edenevad, \u00fctles veel, et tuleb v\u00e4lja, et on koguni seitse k\u00e4iku!\u201c<\/p>\n<p>Toomas Pauli fenomen oli Tammsalu s\u00f5nul tema s\u00fcgav tarkus kombineeritud oskusega seda inimlikult jagada. <\/p>\n<p>\u201eUue testamendi t\u00f5lkijana teadis ta sealt igat n\u00fcanssi ja oskas ikka v\u00e4lja tuua midagi sellist, mida ei olnud m\u00e4rgatud. See mees tundus tohutult tark, aga see oli jumalik and pluss meeletu t\u00f6\u00f6. Ja tema k\u00f5rval abikaasa Agne, kes hoidis kodu sooja ja hubase,\u201c meenutas Tammsalu.<\/p>\n<p>V\u00f5is juhtuda, et naine tuli k\u00fclmal \u00f5htul t\u00f6\u00f6lt ja leidis abikaasa eest kreeka keelest t\u00f5lkimas, nii et mees oli jaheduse vastu selga pannud paksu kasuka. \u201eEks naine hakkas siis ahju k\u00fctma,\u201c s\u00f5nab Tammsalu. \u201eJa Toomas ju m\u00f5istis tema panust. See, et ta l\u00e4ks naise elu l\u00f5pus tolle k\u00f5rvale haiglasse, oli tema suur t\u00e4nukummardus naisele, kes lasi tal saada selleks, kes ta oli.\u201c<\/p>\n<p>Kuidas see lugu Sind end tundma pani? Saada <a href=\"https:\/\/maaleht.delfi.ee\/artikkel\/120597363\/toomas-pauli-fenomenist-tule-ja-pane-sellele-jaguarile-nuud-suurem-kaik-sisse\/kommentaarid\" class=\"article-body-bottom__comment article-body-bottom__comment--write button button--primary button--size-auto\" rel=\"nofollow noopener\" target=\"_blank\"> Kommenteeri <\/a><a href=\"https:\/\/maaleht.delfi.ee\/artikkel\/120597363\/toomas-pauli-fenomenist-tule-ja-pane-sellele-jaguarile-nuud-suurem-kaik-sisse\/kommentaarid\" class=\"article-body-bottom__comment article-body-bottom__comment--read button button--size-auto\" rel=\"nofollow noopener\" target=\"_blank\"> Loe kommentaare <\/a><\/p>\n","protected":false},"excerpt":{"rendered":"Toomas Paul oli Maalehe pikaaegne kaasautor ja viimane usutlus temaga ilmuski Maalehes t\u00e4navu \u00fclest\u00f5usmisp\u00fchade ajal. Maalehe ajakirjanik Mari&hellip;\n","protected":false},"author":2,"featured_media":229530,"comment_status":"","ping_status":"","sticky":false,"template":"","format":"standard","meta":{"footnotes":"","_share_on_mastodon":"0"},"categories":[5],"tags":[26,27,37,29031,33,35,34,36,31,32,21,14317,50745,28,29,19,25,92097,23,24,22,20,30],"class_list":["post-229529","post","type-post","status-publish","format-standard","has-post-thumbnail","category-uldised-uudised","tag-breaking-news","tag-breakingnews","tag-ee","tag-eelk","tag-eesti","tag-eesti-keel","tag-estonia","tag-estonian","tag-featured-news","tag-featurednews","tag-headlines","tag-jaan-tammsalu","tag-kirikuopetaja","tag-latest-news","tag-latestnews","tag-news","tag-populaarseimad-lood","tag-toomas-paul","tag-top-stories","tag-topstories","tag-uldised-uudised","tag-uudised","tag-viimased-uudised"],"share_on_mastodon":{"url":"https:\/\/pubeurope.com\/@ee\/116929486512292694","error":""},"_links":{"self":[{"href":"https:\/\/www.europesays.com\/ee\/wp-json\/wp\/v2\/posts\/229529","targetHints":{"allow":["GET"]}}],"collection":[{"href":"https:\/\/www.europesays.com\/ee\/wp-json\/wp\/v2\/posts"}],"about":[{"href":"https:\/\/www.europesays.com\/ee\/wp-json\/wp\/v2\/types\/post"}],"author":[{"embeddable":true,"href":"https:\/\/www.europesays.com\/ee\/wp-json\/wp\/v2\/users\/2"}],"replies":[{"embeddable":true,"href":"https:\/\/www.europesays.com\/ee\/wp-json\/wp\/v2\/comments?post=229529"}],"version-history":[{"count":0,"href":"https:\/\/www.europesays.com\/ee\/wp-json\/wp\/v2\/posts\/229529\/revisions"}],"wp:featuredmedia":[{"embeddable":true,"href":"https:\/\/www.europesays.com\/ee\/wp-json\/wp\/v2\/media\/229530"}],"wp:attachment":[{"href":"https:\/\/www.europesays.com\/ee\/wp-json\/wp\/v2\/media?parent=229529"}],"wp:term":[{"taxonomy":"category","embeddable":true,"href":"https:\/\/www.europesays.com\/ee\/wp-json\/wp\/v2\/categories?post=229529"},{"taxonomy":"post_tag","embeddable":true,"href":"https:\/\/www.europesays.com\/ee\/wp-json\/wp\/v2\/tags?post=229529"}],"curies":[{"name":"wp","href":"https:\/\/api.w.org\/{rel}","templated":true}]}}