{"id":229551,"date":"2026-07-16T12:15:10","date_gmt":"2026-07-16T12:15:10","guid":{"rendered":"https:\/\/www.europesays.com\/ee\/229551\/"},"modified":"2026-07-16T12:15:10","modified_gmt":"2026-07-16T12:15:10","slug":"audi-noorel-vormeliassal-viskas-kops-ule-maksa-lopetage-vingumine","status":"publish","type":"post","link":"https:\/\/www.europesays.com\/ee\/229551\/","title":{"rendered":"Audi noorel vormeli\u00e4ssal viskas kops \u00fcle maksa: l\u00f5petage vingumine!"},"content":{"rendered":"<p>Vormel-1 sarjas t\u00e4navu kasutusele v\u00f5etud masinad on p\u00e4lvinud s\u00f5itjatelt omajagu kriitikat. Eelk\u00f5ige on pahameelt tekitanud niinimetatud \u00abjojo-s\u00f5it\u00bb, mille puhul v\u00f5ib autode kiirus sirgetel elektrienergia kasutamise ja taastamise t\u00f5ttu m\u00e4rgatavalt k\u00f5ikuda.<\/p>\n<p>M\u00f5ned s\u00f5itjad on kirjeldanud uut v\u00f5idus\u00f5idustiili kunstliku ja isegi ohtlikuna. Kuna h\u00fcbriidmootori maksimaalset v\u00f5imsust pole v\u00f5imalik kogu aeg kasutada, peavad s\u00f5itjad senisest hoolikamalt oma energiavaru haldama. N\u00e4iteks m\u00f6\u00f6das\u00f5idul suure osa akusse salvestatud energiast \u00e4ra kasutanud piloot v\u00f5ib seej\u00e4rel olla sunnitud tempot v\u00e4hendama, et energiavaru taastada. Nii v\u00f5ib m\u00f6\u00f6das\u00f5idetud s\u00f5itja suurema energiavaru toel peagi koha tagasi v\u00f5tta.<\/p>\n<p>Audi 21-aastase piloodi Gabriel Bortoleto arvates on aga aeg pidevale kurtmisele joon alla t\u00f5mmata. \u00abMa ei arva, et meie spordiala oleks oma v\u00f5lu kaotanud. Need, kes praeguste vormel-1 autode \u00fcle endiselt kurdavad, peaksid lihtsalt uue lehek\u00fclje p\u00f6\u00f6rama,\u00bb vahendas Autosport brasiillase s\u00f5nu.<\/p>\n<p>Bortoleto r\u00f5hutas, et samade probleemide \u00fcle pole m\u00f5tet aastaid vaielda, sest praeguste autodega tuleb s\u00f5itjatel hakkama saada v\u00e4hemalt kehtiva reeglistiku l\u00f5puni.<\/p>\n<p>\u00abMe ei saa veeta aastaid, r\u00e4\u00e4kides iga kord samast probleemist, sest praegu on meil just sellised autod. Nendega on endiselt l\u00f5bus s\u00f5ita, lihtsalt teistmoodi. Peame kohanema. Selline on elu,\u00bb lisas ta.<\/p>\n<p>Bortoleto hoiab MM-sarja \u00fcldarvestuses 14. kohta. \u00dcldarvestust juhib Mercedese 19-aastane itaallane Kimi Antonelli.<\/p>\n<p>Vormel-1 hooaeg j\u00e4tkub sel n\u00e4dalavahetusel Belgia GPga.<\/p>\n","protected":false},"excerpt":{"rendered":"Vormel-1 sarjas t\u00e4navu kasutusele v\u00f5etud masinad on p\u00e4lvinud s\u00f5itjatelt omajagu kriitikat. Eelk\u00f5ige on pahameelt tekitanud niinimetatud \u00abjojo-s\u00f5it\u00bb, mille&hellip;\n","protected":false},"author":2,"featured_media":229552,"comment_status":"","ping_status":"","sticky":false,"template":"","format":"standard","meta":{"footnotes":"","_share_on_mastodon":"0"},"categories":[18],"tags":[18982,37,33,35,34,36,30405,19344,159,158,4487],"class_list":["post-229551","post","type-post","status-publish","format-standard","has-post-thumbnail","category-sport","tag-audi","tag-ee","tag-eesti","tag-eesti-keel","tag-estonia","tag-estonian","tag-gabriel-bortoleto","tag-kimi-antonelli","tag-sport","tag-sports","tag-vormel-1"],"share_on_mastodon":{"url":"https:\/\/pubeurope.com\/@ee\/116929608123041377","error":""},"_links":{"self":[{"href":"https:\/\/www.europesays.com\/ee\/wp-json\/wp\/v2\/posts\/229551","targetHints":{"allow":["GET"]}}],"collection":[{"href":"https:\/\/www.europesays.com\/ee\/wp-json\/wp\/v2\/posts"}],"about":[{"href":"https:\/\/www.europesays.com\/ee\/wp-json\/wp\/v2\/types\/post"}],"author":[{"embeddable":true,"href":"https:\/\/www.europesays.com\/ee\/wp-json\/wp\/v2\/users\/2"}],"replies":[{"embeddable":true,"href":"https:\/\/www.europesays.com\/ee\/wp-json\/wp\/v2\/comments?post=229551"}],"version-history":[{"count":0,"href":"https:\/\/www.europesays.com\/ee\/wp-json\/wp\/v2\/posts\/229551\/revisions"}],"wp:featuredmedia":[{"embeddable":true,"href":"https:\/\/www.europesays.com\/ee\/wp-json\/wp\/v2\/media\/229552"}],"wp:attachment":[{"href":"https:\/\/www.europesays.com\/ee\/wp-json\/wp\/v2\/media?parent=229551"}],"wp:term":[{"taxonomy":"category","embeddable":true,"href":"https:\/\/www.europesays.com\/ee\/wp-json\/wp\/v2\/categories?post=229551"},{"taxonomy":"post_tag","embeddable":true,"href":"https:\/\/www.europesays.com\/ee\/wp-json\/wp\/v2\/tags?post=229551"}],"curies":[{"name":"wp","href":"https:\/\/api.w.org\/{rel}","templated":true}]}}