{"id":229562,"date":"2026-07-16T12:28:11","date_gmt":"2026-07-16T12:28:11","guid":{"rendered":"https:\/\/www.europesays.com\/ee\/229562\/"},"modified":"2026-07-16T12:28:11","modified_gmt":"2026-07-16T12:28:11","slug":"leedu-kaalub-valgevene-migrantide-parast-piiri-tugevdamist-lati-peab-seda-katastroofiks","status":"publish","type":"post","link":"https:\/\/www.europesays.com\/ee\/229562\/","title":{"rendered":"Leedu kaalub Valgevene migrantide p\u00e4rast piiri tugevdamist. L\u00e4ti peab seda katastroofiks"},"content":{"rendered":"<p>Leedu on h\u00e4das Valgevenest p\u00e4rit migrantidega, kes j\u00f5uavad riiki L\u00e4ti kaudu. Osa neist j\u00e4\u00e4b Leetu, teised liiguvad sealt edasi teistesse riikidesse. Leedu ametiv\u00f5imud nimetavad olukorda Valgevene korraldatud migratsioonikriisiks.<\/p>\n<p>N\u00e4dala alguses saatsid Leedu v\u00f5imud L\u00e4tti \u00fcheksa piirivalvurit, nende seas kaks koerajuhti. Uus meeskond v\u00f5tab valve \u00fcle grupilt, kes on alates juuli algusest patrullinud k\u00f5rge riskiga L\u00e4ti\u2013Valgevene piiril, vahendab LRT.<\/p>\n<p>Leedu saadetud meeskond t\u00f6\u00f6tab L\u00e4ti juhtimisel ja j\u00e4\u00e4b sinna kaheks n\u00e4dalaks. Seej\u00e4rel otsustavad Leedu v\u00f5imud, kas lisaj\u00f5ude on vaja juurde saata.<\/p>\n<p>Leedu ametiv\u00f5imude s\u00f5nul on tegemist t\u00f5sise probleemiga. Nende andmetel on L\u00e4ti\u2013Valgevene piiril t\u00e4navu kinni peetud v\u00f5i tagasi saadetud ligi 7900 migranti. See on ligikaudu \u00fcheksa korda rohkem kui Leedu piirile j\u00f5udvate migrantide arv.<\/p>\n<p>Leedu tulevane siseminister Martynas Katelynas \u00fctles, et riik ei v\u00e4lista ajutise piirikontrolli taastamist. Sarnase sammu astus eelmisel aastal ka Poola, kehtestades kontrolli oma piiridel Leedu ja Saksamaaga.<\/p>\n<p>Katelynase s\u00f5nul langeb suur halduskoormus Leedu piirivalvuritele. Kuigi L\u00e4ti ja Leedu vahel kehtib migrantide tagastamise kord, n\u00f5uab iga juhtum eraldi dokumentide vormistamist, t\u00f5endite kogumist ja ajutise majutuse tagamist.<\/p>\n<p>Katelynas kutsus L\u00e4tit \u00fcles n\u00e4itama suuremat initsiatiivi ning tagama t\u00f5husama kontrolli oma piiride \u00fcle.<\/p>\n<p>Samas r\u00f5hutas ta, et piirikontrolli taastamine oleks viimane v\u00f5imalus.<\/p>\n<p>Kolmap\u00e4eval riigivisiidil viibinud L\u00e4ti president <a rel=\"noopener nofollow\" target=\"_blank\" href=\"https:\/\/www.delfi.ee\/teema\/96943464\/edgars-rinkevics-1\" tag-id=\"96943464\">Edgars Rink\u0113vi\u010ds<\/a> nimetas v\u00f5imalikku piirikontrolli katastroofiks, sest see sunniks m\u00f5lemat riiki suunama ressursse v\u00e4lispiirilt sisepiirile.<\/p>\n<p>Leedu president <a rel=\"noopener nofollow\" target=\"_blank\" href=\"https:\/\/www.delfi.ee\/teema\/87181107\/gitanas-nauseda\" tag-id=\"87181107\">Gitanas Naus\u0117da<\/a> \u00fctles ajakirjanikele, et selline samm t\u00e4hendaks illegaalse migratsiooni ees allaandmist.<\/p>\n<p>Kolmap\u00e4eval toimunud kohtumisel leppisid kahe riigi siseministrid kokku, et praegune prioriteet on olemasolevate kontrollimeetmete t\u00f5hustamine ja koost\u00f6\u00f6 parandamine, vahendab The Baltic Times.<\/p>\n<p>L\u00e4ti president Rink\u0113vi\u010ds lisas, et L\u00e4ti on valmis Leedut abistama, kui olukord piiril peaks veelgi pingestuma.<\/p>\n<p>Kuidas see lugu Sind end tundma pani? Saada <a href=\"https:\/\/www.delfi.ee\/artikkel\/120597651\/leedu-kaalub-valgevene-migrantide-parast-piiri-tugevdamist-lati-peab-seda-katastroofiks\/kommentaarid\" class=\"article-body-bottom__comment article-body-bottom__comment--write button button--primary button--size-auto\" rel=\"nofollow noopener\" target=\"_blank\"> Kommenteeri <\/a><a href=\"https:\/\/www.delfi.ee\/artikkel\/120597651\/leedu-kaalub-valgevene-migrantide-parast-piiri-tugevdamist-lati-peab-seda-katastroofiks\/kommentaarid\" class=\"article-body-bottom__comment article-body-bottom__comment--read button button--size-auto\" rel=\"nofollow noopener\" target=\"_blank\"> Loe kommentaare (24)<\/a><\/p>\n","protected":false},"excerpt":{"rendered":"Leedu on h\u00e4das Valgevenest p\u00e4rit migrantidega, kes j\u00f5uavad riiki L\u00e4ti kaudu. Osa neist j\u00e4\u00e4b Leetu, teised liiguvad sealt&hellip;\n","protected":false},"author":2,"featured_media":229563,"comment_status":"","ping_status":"","sticky":false,"template":"","format":"standard","meta":{"footnotes":"","_share_on_mastodon":"0"},"categories":[80],"tags":[26,27,14396,37,33,35,34,36,31,32,4139,21,28,29,114,115,95,19,91899,25,23,24,22,20,2170,30,92,93,94],"class_list":["post-229562","post","type-post","status-publish","format-standard","has-post-thumbnail","category-maailm","tag-breaking-news","tag-breakingnews","tag-edgars-rinkevics","tag-ee","tag-eesti","tag-eesti-keel","tag-estonia","tag-estonian","tag-featured-news","tag-featurednews","tag-gitanas-nauseda","tag-headlines","tag-latest-news","tag-latestnews","tag-lati","tag-leedu","tag-maailm","tag-news","tag-piirikontroll","tag-populaarseimad-lood","tag-top-stories","tag-topstories","tag-uldised-uudised","tag-uudised","tag-valgevene","tag-viimased-uudised","tag-world","tag-world-news","tag-worldnews"],"share_on_mastodon":{"url":"https:\/\/pubeurope.com\/@ee\/116929659071917766","error":""},"_links":{"self":[{"href":"https:\/\/www.europesays.com\/ee\/wp-json\/wp\/v2\/posts\/229562","targetHints":{"allow":["GET"]}}],"collection":[{"href":"https:\/\/www.europesays.com\/ee\/wp-json\/wp\/v2\/posts"}],"about":[{"href":"https:\/\/www.europesays.com\/ee\/wp-json\/wp\/v2\/types\/post"}],"author":[{"embeddable":true,"href":"https:\/\/www.europesays.com\/ee\/wp-json\/wp\/v2\/users\/2"}],"replies":[{"embeddable":true,"href":"https:\/\/www.europesays.com\/ee\/wp-json\/wp\/v2\/comments?post=229562"}],"version-history":[{"count":0,"href":"https:\/\/www.europesays.com\/ee\/wp-json\/wp\/v2\/posts\/229562\/revisions"}],"wp:featuredmedia":[{"embeddable":true,"href":"https:\/\/www.europesays.com\/ee\/wp-json\/wp\/v2\/media\/229563"}],"wp:attachment":[{"href":"https:\/\/www.europesays.com\/ee\/wp-json\/wp\/v2\/media?parent=229562"}],"wp:term":[{"taxonomy":"category","embeddable":true,"href":"https:\/\/www.europesays.com\/ee\/wp-json\/wp\/v2\/categories?post=229562"},{"taxonomy":"post_tag","embeddable":true,"href":"https:\/\/www.europesays.com\/ee\/wp-json\/wp\/v2\/tags?post=229562"}],"curies":[{"name":"wp","href":"https:\/\/api.w.org\/{rel}","templated":true}]}}