{"id":229567,"date":"2026-07-16T12:36:10","date_gmt":"2026-07-16T12:36:10","guid":{"rendered":"https:\/\/www.europesays.com\/ee\/229567\/"},"modified":"2026-07-16T12:36:10","modified_gmt":"2026-07-16T12:36:10","slug":"viljandi-folk-%e2%9f%a9-tonis-magi-esitan-festivalil-laule-moeldes-jaak-johansonile","status":"publish","type":"post","link":"https:\/\/www.europesays.com\/ee\/229567\/","title":{"rendered":"VILJANDI FOLK \u27e9 T\u00f5nis M\u00e4gi: esitan festivalil laule, m\u00f5eldes Jaak Johansonile"},"content":{"rendered":"<p>23. juulil, Viljandi Folgi esimesel \u00f5htul, astub T\u00f5nis M\u00e4gi \u00fcles Jaak Johansoni nimelisel laval, kus esinevad artistid, kelle looming j\u00e4\u00e4b v\u00e4ljapoole p\u00e4rimusmuusikat. Sel laval esinemine on M\u00e4e jaoks v\u00e4ga t\u00e4henduslik. Just Jaak Johanson nii muusiku kui ka isiksusena loob M\u00e4ele tugeva sideme Viljandi Folgiga. Johansoni igak\u00fclgset silmapaistvust, mida ta elu jooksul kogeda j\u00f5udis, meenutab M\u00e4gi peatselt saabuva festivali eel.<\/p>\n","protected":false},"excerpt":{"rendered":"23. juulil, Viljandi Folgi esimesel \u00f5htul, astub T\u00f5nis M\u00e4gi \u00fcles Jaak Johansoni nimelisel laval, kus esinevad artistid, kelle&hellip;\n","protected":false},"author":2,"featured_media":229568,"comment_status":"","ping_status":"","sticky":false,"template":"","format":"standard","meta":{"footnotes":"","_share_on_mastodon":"0"},"categories":[16],"tags":[4101,37,33,35,3346,173,34,36,92310,5979,92311,31760,140,5978,6992,92309],"class_list":["post-229567","post","type-post","status-publish","format-standard","has-post-thumbnail","category-meelelahutus","tag-alika","tag-ee","tag-eesti","tag-eesti-keel","tag-elina-nechayeva","tag-entertainment","tag-estonia","tag-estonian","tag-jaak-johanson","tag-kart-johanson","tag-laima-rendezvous-jurmala","tag-laima-vaikule","tag-meelelahutus","tag-tonis-magi","tag-uku-suviste","tag-viljandi-folgifestival"],"share_on_mastodon":{"url":"https:\/\/pubeurope.com\/@ee\/116929690530587880","error":""},"_links":{"self":[{"href":"https:\/\/www.europesays.com\/ee\/wp-json\/wp\/v2\/posts\/229567","targetHints":{"allow":["GET"]}}],"collection":[{"href":"https:\/\/www.europesays.com\/ee\/wp-json\/wp\/v2\/posts"}],"about":[{"href":"https:\/\/www.europesays.com\/ee\/wp-json\/wp\/v2\/types\/post"}],"author":[{"embeddable":true,"href":"https:\/\/www.europesays.com\/ee\/wp-json\/wp\/v2\/users\/2"}],"replies":[{"embeddable":true,"href":"https:\/\/www.europesays.com\/ee\/wp-json\/wp\/v2\/comments?post=229567"}],"version-history":[{"count":0,"href":"https:\/\/www.europesays.com\/ee\/wp-json\/wp\/v2\/posts\/229567\/revisions"}],"wp:featuredmedia":[{"embeddable":true,"href":"https:\/\/www.europesays.com\/ee\/wp-json\/wp\/v2\/media\/229568"}],"wp:attachment":[{"href":"https:\/\/www.europesays.com\/ee\/wp-json\/wp\/v2\/media?parent=229567"}],"wp:term":[{"taxonomy":"category","embeddable":true,"href":"https:\/\/www.europesays.com\/ee\/wp-json\/wp\/v2\/categories?post=229567"},{"taxonomy":"post_tag","embeddable":true,"href":"https:\/\/www.europesays.com\/ee\/wp-json\/wp\/v2\/tags?post=229567"}],"curies":[{"name":"wp","href":"https:\/\/api.w.org\/{rel}","templated":true}]}}