{"id":229580,"date":"2026-07-16T12:48:11","date_gmt":"2026-07-16T12:48:11","guid":{"rendered":"https:\/\/www.europesays.com\/ee\/229580\/"},"modified":"2026-07-16T12:48:11","modified_gmt":"2026-07-16T12:48:11","slug":"laasner-sai-haruldase-topeltkubara-tagasi-soccernet-ee","status":"publish","type":"post","link":"https:\/\/www.europesays.com\/ee\/229580\/","title":{"rendered":"Laasner sai haruldase topeltk\u00fcbara tagasi &#8211; Soccernet.ee"},"content":{"rendered":"<p><img decoding=\"async\" src=\"https:\/\/www.europesays.com\/ee\/wp-content\/uploads\/2026\/07\/1784204440.png\" alt=\"Kenlou Laasner. Foto: Soccernet.ee\"\/>&#13;\n<\/p>\n<p>Tartu Welco poolkaitsja Kenlou Laasner sai vahepeal Vladislav T\u0161urilkini omav\u00e4ravaks m\u00e4rgitud tabamuse l\u00f5plikus ametlikus protokollis enda nimele tagasi. See t\u00e4hendab, et Laasner l\u00f5i \u00fches m\u00e4ngus Maardu Linnameeskonna vastu ikkagi koguni kuus v\u00e4ravat, mitte viis. Sel k\u00fcmnendil on ta esimene jalgpallur, kes skoorinud \u00fches Esiliiga kohtumises kuus korda.<\/p>\n<p>Esiliiga hooaja parim v\u00e4ravak\u00fctt Laasner oli v\u00f5\u00f5rsil 8:1 v\u00f5idum\u00e4ngus Maardu vastu t\u00e4pne 1., 17., 35., 79., 87. ja 90+2. minutil. Ta sahistas seega v\u00f5rku m\u00f5lemal poolajal v\u00f5rdselt kolm korda.&#13;\n<\/p>\n<p>Transfermarkti 1997. aastasse tagasiulatuva statistika j\u00e4rgi on varem juhtunud seda ainult viis korda, et \u00fcks m\u00e4ngija l\u00f6\u00f6b \u00fches Esiliiga mat\u0161is v\u00e4hemalt kuus v\u00e4ravat. Viimati juhtus see 2019. aastal, kui Tallinna Legioni r\u00fcndaja Rejal Alijev saatis kuus palli Kohtla-J\u00e4rve J\u00e4rve puuri.&#13;\n<\/p>\n<p>Rekord on seitse v\u00e4ravat m\u00e4ngus &#8211; seda jagavad Eduard Golovljov ja Pavel Marin, kes said m\u00f5lemad sellega hakkama 2015. aastal. \u00dche m\u00e4ngu m\u00f5lemal poolajal v\u00e4hemalt kolm v\u00e4ravat on aga enne Laasnerit l\u00f6\u00f6nud Marin ainsana.<\/p>\n<p>Maardu &#8211; Welco tipphetked koos Laasneri m\u00e4nguj\u00e4rgse intervjuuga:&#13;\n<\/p>\n<p>V\u00e4rav, millest Laasner vahepeal ilma j\u00e4i, aga l\u00f5puks tagasi sai, l\u00f6\u00f6di 35. m\u00e4nguminutil.&#13;\n<\/p>\n<p>&#13;\n<\/p>\n<p>\u00dches Esiliiga m\u00e4ngus v\u00e4hemalt kuus v\u00e4ravat l\u00f6\u00f6nud m\u00e4ngijad (alates 1997. aastast):<\/p>\n<p>Eduard Golovljov 7 (2015), Tallinna Infonet II vs. Kivi\u00f5li Irbis (12:1 v\u00f5it)<br \/>&#13;<br \/>\nPavel Marin 7 (2015), Tallinna Levadia II vs. FC Kuressaare (13:1 v\u00f5it)<br \/>&#13;<br \/>\nIngemar Teever 6 (2000), Maardu Junior vs. Tartu Merkuur (8:1 v\u00f5it)<br \/>&#13;<br \/>\nIndrek Zelinski 6 (2009), Tallinna Levadia II vs. Valga Warrior (12:0 v\u00f5it)<br \/>&#13;<br \/>\nRejal Alijev 6 (2019), Tallinna Legion vs. Kohtla-J\u00e4rve J\u00e4rve (18:0 v\u00f5it)<br \/>&#13;<br \/>\nKenlou Laasner 6 (2026), Tartu Welco vs. Maardu Linnameeskond (8:1 v\u00f5it)                         <\/p>\n","protected":false},"excerpt":{"rendered":"&#13; Tartu Welco poolkaitsja Kenlou Laasner sai vahepeal Vladislav T\u0161urilkini omav\u00e4ravaks m\u00e4rgitud tabamuse l\u00f5plikus ametlikus protokollis enda nimele&hellip;\n","protected":false},"author":2,"featured_media":229581,"comment_status":"","ping_status":"","sticky":false,"template":"","format":"standard","meta":{"footnotes":"","_share_on_mastodon":"0"},"categories":[18],"tags":[92313,37,33,35,1466,34,36,92314,34873,34874,949,2464,40057,39884,159,158,1474,8228,8230,1476],"class_list":["post-229580","post","type-post","status-publish","format-standard","has-post-thumbnail","category-sport","tag-eduard-golovljov","tag-ee","tag-eesti","tag-eesti-keel","tag-esiliiga","tag-estonia","tag-estonian","tag-golovljov","tag-kenlou-laasner","tag-laasner","tag-maardu","tag-maardu-linnameeskond","tag-marin","tag-pavel-marin","tag-sport","tag-sports","tag-tartu-jk-welco","tag-tsurilkin","tag-vladislav-tsurilkin","tag-welco"],"share_on_mastodon":{"url":"https:\/\/pubeurope.com\/@ee\/116929738126420050","error":""},"_links":{"self":[{"href":"https:\/\/www.europesays.com\/ee\/wp-json\/wp\/v2\/posts\/229580","targetHints":{"allow":["GET"]}}],"collection":[{"href":"https:\/\/www.europesays.com\/ee\/wp-json\/wp\/v2\/posts"}],"about":[{"href":"https:\/\/www.europesays.com\/ee\/wp-json\/wp\/v2\/types\/post"}],"author":[{"embeddable":true,"href":"https:\/\/www.europesays.com\/ee\/wp-json\/wp\/v2\/users\/2"}],"replies":[{"embeddable":true,"href":"https:\/\/www.europesays.com\/ee\/wp-json\/wp\/v2\/comments?post=229580"}],"version-history":[{"count":0,"href":"https:\/\/www.europesays.com\/ee\/wp-json\/wp\/v2\/posts\/229580\/revisions"}],"wp:featuredmedia":[{"embeddable":true,"href":"https:\/\/www.europesays.com\/ee\/wp-json\/wp\/v2\/media\/229581"}],"wp:attachment":[{"href":"https:\/\/www.europesays.com\/ee\/wp-json\/wp\/v2\/media?parent=229580"}],"wp:term":[{"taxonomy":"category","embeddable":true,"href":"https:\/\/www.europesays.com\/ee\/wp-json\/wp\/v2\/categories?post=229580"},{"taxonomy":"post_tag","embeddable":true,"href":"https:\/\/www.europesays.com\/ee\/wp-json\/wp\/v2\/tags?post=229580"}],"curies":[{"name":"wp","href":"https:\/\/api.w.org\/{rel}","templated":true}]}}