{"id":229658,"date":"2026-07-16T14:20:23","date_gmt":"2026-07-16T14:20:23","guid":{"rendered":"https:\/\/www.europesays.com\/ee\/229658\/"},"modified":"2026-07-16T14:20:23","modified_gmt":"2026-07-16T14:20:23","slug":"pildid-erm-is-avati-naitus-5miinust-10-aastat-kultuur","status":"publish","type":"post","link":"https:\/\/www.europesays.com\/ee\/229658\/","title":{"rendered":"Pildid: ERM-is avati n\u00e4itus &#8220;5miinust 10 aastat&#8221; | kultuur"},"content":{"rendered":"<p>Sel n\u00e4dalal t\u00e4histab 5miinust oma 10. s\u00fcnnip\u00e4eva. Lisaks reedesele kontserdile Tartu lauluv\u00e4ljakul avati ERM-is ka b\u00e4ndi k\u00fcmnendat tegutsemisaastat t\u00e4histav n\u00e4itus &#8220;5miinust 10 aastat&#8221;.<\/p>\n<p>&#8220;Reklaamikirjutaja, r\u00e4pparist\u00a0haljastaja, kelner ja raamatupidaja l\u00e4ksid V\u00f5sule. Algul k\u00f5las see peaaegu anekdoodina, ent k\u00fcmme aastat hiljem on 5miinust \u00fcks Eesti viimase k\u00fcmnendi n\u00e4htavamaid popkultuurin\u00e4htusi,&#8221; seisab n\u00e4ituse tutvustuses.<\/p>\n<p>N\u00e4itus valmis koost\u00f6\u00f6s kuraator Carol Soovikuga ning vaatab 5miinuse senisele teekonnale l\u00e4bi esemete ja m\u00e4lestuste, mis tavaliselt lavale ega avalikkuse ette ei j\u00f5ua.\u00a0<\/p>\n<p>&#8220;Mind huvitas k\u00f5ige rohkem see, mis j\u00e4\u00e4b kontsertide, lugude ja avaliku kuvandi vahele.\u00a0Tahtsime n\u00e4idata nii seda, mida k\u00f5ik teavad, kui ka seda, mida n\u00e4evad ainult k\u00f5ige l\u00e4hedasemad.\u00a0N\u00e4itusel on k\u00f5rvuti esemed, mida publik 5miinusega seostab, ning asjad, mille t\u00e4hendus avaneb alles nende taga olevate lugude kaudu. Nii tekib k\u00fcmnest aastast pilt, mis on korraga\u00a0nii\u00a0avalik\u00a0kui\u00a0isiklik,&#8221; r\u00e4\u00e4kis Soovik.<\/p>\n<p>N\u00e4itusel on v\u00e4ljas seni avaldamata fotod ansambli liikmete erakogudest, isiklikud esemed, lavariided ning ka v\u00f5rdlemisi juhuslikud asjad, mille saamislugu b\u00e4ndiliikmed enam t\u00e4pselt ei m\u00e4leta.\u00a0<\/p>\n<p>&#8220;Siin saalis on k\u00f5ik k\u00e4egakatsutavad asjad, mis meil veel alles on. Suurem osa meie loomingust on kuulatav ja vaadatav, seega oli sellest mahust siia ruumi adekvaatse valiku tegemine omap\u00e4rane \u00fclesanne. Hea, et oleme nii palju asju alles hoidnud \u2013 asjadega seostuvad lood ja m\u00e4lestused, mis muidu kipuvad aegamisi meelest h\u00e4\u00e4buma,&#8221; s\u00f5nas Korea.<\/p>\n<p>N\u00e4itus on avatud 9. augustini.<\/p>\n","protected":false},"excerpt":{"rendered":"Sel n\u00e4dalal t\u00e4histab 5miinust oma 10. s\u00fcnnip\u00e4eva. Lisaks reedesele kontserdile Tartu lauluv\u00e4ljakul avati ERM-is ka b\u00e4ndi k\u00fcmnendat tegutsemisaastat&hellip;\n","protected":false},"author":2,"featured_media":229659,"comment_status":"","ping_status":"","sticky":false,"template":"","format":"standard","meta":{"footnotes":"","_share_on_mastodon":"0"},"categories":[12],"tags":[708,92325,26,27,37,33,35,34,36,31,32,21,706,5496,23340,28,29,19,33770,25,23,24,22,20,30],"class_list":["post-229658","post","type-post","status-publish","format-standard","has-post-thumbnail","category-eesti","tag-5miinust","tag-5miinust-10","tag-breaking-news","tag-breakingnews","tag-ee","tag-eesti","tag-eesti-keel","tag-estonia","tag-estonian","tag-featured-news","tag-featurednews","tag-headlines","tag-kohver","tag-korea","tag-lancelot","tag-latest-news","tag-latestnews","tag-news","tag-paevakoer","tag-populaarseimad-lood","tag-top-stories","tag-topstories","tag-uldised-uudised","tag-uudised","tag-viimased-uudised"],"share_on_mastodon":{"url":"https:\/\/pubeurope.com\/@ee\/116930099910498511","error":""},"_links":{"self":[{"href":"https:\/\/www.europesays.com\/ee\/wp-json\/wp\/v2\/posts\/229658","targetHints":{"allow":["GET"]}}],"collection":[{"href":"https:\/\/www.europesays.com\/ee\/wp-json\/wp\/v2\/posts"}],"about":[{"href":"https:\/\/www.europesays.com\/ee\/wp-json\/wp\/v2\/types\/post"}],"author":[{"embeddable":true,"href":"https:\/\/www.europesays.com\/ee\/wp-json\/wp\/v2\/users\/2"}],"replies":[{"embeddable":true,"href":"https:\/\/www.europesays.com\/ee\/wp-json\/wp\/v2\/comments?post=229658"}],"version-history":[{"count":0,"href":"https:\/\/www.europesays.com\/ee\/wp-json\/wp\/v2\/posts\/229658\/revisions"}],"wp:featuredmedia":[{"embeddable":true,"href":"https:\/\/www.europesays.com\/ee\/wp-json\/wp\/v2\/media\/229659"}],"wp:attachment":[{"href":"https:\/\/www.europesays.com\/ee\/wp-json\/wp\/v2\/media?parent=229658"}],"wp:term":[{"taxonomy":"category","embeddable":true,"href":"https:\/\/www.europesays.com\/ee\/wp-json\/wp\/v2\/categories?post=229658"},{"taxonomy":"post_tag","embeddable":true,"href":"https:\/\/www.europesays.com\/ee\/wp-json\/wp\/v2\/tags?post=229658"}],"curies":[{"name":"wp","href":"https:\/\/api.w.org\/{rel}","templated":true}]}}