{"id":229666,"date":"2026-07-16T14:33:24","date_gmt":"2026-07-16T14:33:24","guid":{"rendered":"https:\/\/www.europesays.com\/ee\/229666\/"},"modified":"2026-07-16T14:33:24","modified_gmt":"2026-07-16T14:33:24","slug":"in-memoriam-jaan-lahe-toomas-paul-oli-just-seda-tuupi-inimene-keda-meie-uhiskond-praegu-vaga-vajab","status":"publish","type":"post","link":"https:\/\/www.europesays.com\/ee\/229666\/","title":{"rendered":"IN MEMORIAM | Jaan Lahe: Toomas Paul oli just seda t\u00fc\u00fcpi inimene, keda meie \u00fchiskond praegu v\u00e4ga vajab"},"content":{"rendered":"<p>Kui k\u00fcsida, kuidas see on v\u00f5imalik, siis v\u00f5ib vastata, et t\u00e4nu kahe asja kokkulangemisele. Toomas Paul on olnud v\u00e4ga avara kristluse esindaja. Tema n\u00e4gemus kristlusest, mida on tugevalt m\u00f5jutanud ta \u00f5petaja Uku Masing, ei vastandanud end heas m\u00f5ttes \u00fcldinimlikule (ta ise v\u00f5rdles siin end apostel Paulusega, kes v\u00f5ttis omaks nii mitmed oma aja filosoofilised ideed kui ka tollase kodanikumoraali), oli suunatud tugevalt inimese eksistentsiaalsetele k\u00fcsimustele, mis on \u00fchised kristlastele ja mittekristlastele) ning p\u00fc\u00fcdis luua teadlikult silda teaduse ja teiste inimtunnetuse valdkondadega. <\/p>\n<p>Oled juba tellija?Logi sisse<\/p>\n","protected":false},"excerpt":{"rendered":"Kui k\u00fcsida, kuidas see on v\u00f5imalik, siis v\u00f5ib vastata, et t\u00e4nu kahe asja kokkulangemisele. Toomas Paul on olnud&hellip;\n","protected":false},"author":2,"featured_media":229667,"comment_status":"","ping_status":"","sticky":false,"template":"","format":"standard","meta":{"footnotes":"","_share_on_mastodon":"0"},"categories":[5],"tags":[26,27,37,33,35,34,36,31,32,21,28,29,19,25,92097,23,24,22,20,30],"class_list":["post-229666","post","type-post","status-publish","format-standard","has-post-thumbnail","category-uldised-uudised","tag-breaking-news","tag-breakingnews","tag-ee","tag-eesti","tag-eesti-keel","tag-estonia","tag-estonian","tag-featured-news","tag-featurednews","tag-headlines","tag-latest-news","tag-latestnews","tag-news","tag-populaarseimad-lood","tag-toomas-paul","tag-top-stories","tag-topstories","tag-uldised-uudised","tag-uudised","tag-viimased-uudised"],"share_on_mastodon":{"url":"https:\/\/pubeurope.com\/@ee\/116930150875478313","error":""},"_links":{"self":[{"href":"https:\/\/www.europesays.com\/ee\/wp-json\/wp\/v2\/posts\/229666","targetHints":{"allow":["GET"]}}],"collection":[{"href":"https:\/\/www.europesays.com\/ee\/wp-json\/wp\/v2\/posts"}],"about":[{"href":"https:\/\/www.europesays.com\/ee\/wp-json\/wp\/v2\/types\/post"}],"author":[{"embeddable":true,"href":"https:\/\/www.europesays.com\/ee\/wp-json\/wp\/v2\/users\/2"}],"replies":[{"embeddable":true,"href":"https:\/\/www.europesays.com\/ee\/wp-json\/wp\/v2\/comments?post=229666"}],"version-history":[{"count":0,"href":"https:\/\/www.europesays.com\/ee\/wp-json\/wp\/v2\/posts\/229666\/revisions"}],"wp:featuredmedia":[{"embeddable":true,"href":"https:\/\/www.europesays.com\/ee\/wp-json\/wp\/v2\/media\/229667"}],"wp:attachment":[{"href":"https:\/\/www.europesays.com\/ee\/wp-json\/wp\/v2\/media?parent=229666"}],"wp:term":[{"taxonomy":"category","embeddable":true,"href":"https:\/\/www.europesays.com\/ee\/wp-json\/wp\/v2\/categories?post=229666"},{"taxonomy":"post_tag","embeddable":true,"href":"https:\/\/www.europesays.com\/ee\/wp-json\/wp\/v2\/tags?post=229666"}],"curies":[{"name":"wp","href":"https:\/\/api.w.org\/{rel}","templated":true}]}}