{"id":229674,"date":"2026-07-16T14:50:19","date_gmt":"2026-07-16T14:50:19","guid":{"rendered":"https:\/\/www.europesays.com\/ee\/229674\/"},"modified":"2026-07-16T14:50:19","modified_gmt":"2026-07-16T14:50:19","slug":"video-kohvri-nooruse-tartu-linn-kus-sai-sopradega-lihtsalt-elu-nautida","status":"publish","type":"post","link":"https:\/\/www.europesays.com\/ee\/229674\/","title":{"rendered":"VIDEO | Kohvri nooruse Tartu: linn, kus sai s\u00f5pradega lihtsalt elu nautida"},"content":{"rendered":"<p>Kui <a rel=\"noopener nofollow\" target=\"_blank\" href=\"https:\/\/www.delfi.ee\/teema\/64836672\/kohver\" tag-id=\"64836672\">Kohver<\/a> (37) Tartu kesklinnas ringi jalutab, meenub pea igal nurgal nii m\u00f5ndagi m\u00e4lestusv\u00e4\u00e4rset, mille p\u00f5hjal jutustada kaasakiskuv lugu oma noorusp\u00f5lvest. M\u00e4lestustest hoolimata pole aeg neis paigus seisma j\u00e4\u00e4nud ning kohad, mis kunagi kuulusid noortele, on n\u00fc\u00fcdseks uut n\u00e4gu. Armastatud nurgapoest on saanud korralik kohvik, vanad h\u00e4ngimiskohad on muutunud hooldatud parkideks ja Tartu parimat pitsat tuleb tikutulega taga otsida \u2013 vahel isegi Puhjast.<\/p>\n<p>Kui Kohver tahtis teismeeas s\u00f5pradega kokku saada, oli kohtumispaik juba vaikimisi teada. Annelinnast bussiga kesklinna j\u00f5udes suunduti T\u00f5nissoni platsile, mis oli ja j\u00e4\u00e4b tema jaoks Postimehe pargiks. \u201eEeva Talsi k\u00e4is siin p\u00e4ris tihti, laulis oma kitarril roppe laule ja me k\u00f5ik laulsime kaasa. See oli v\u00e4ga tore aeg,\u201c meenutab Kohver.<\/p>\n<p>Oled juba tellija?Logi sisse<\/p>\n<p><a href=\"https:\/\/kroonika.delfi.ee\/artikkel\/120597492\/video-kohvri-nooruse-tartu-linn-kus-sai-sopradega-lihtsalt-elu-nautida\/kommentaarid\" class=\"article-body-bottom__comment article-body-bottom__comment--write button button--primary button--size-auto\" rel=\"nofollow noopener\" target=\"_blank\"> Kommenteeri <\/a><a href=\"https:\/\/kroonika.delfi.ee\/artikkel\/120597492\/video-kohvri-nooruse-tartu-linn-kus-sai-sopradega-lihtsalt-elu-nautida\/kommentaarid\" class=\"article-body-bottom__comment article-body-bottom__comment--read button button--size-auto\" rel=\"nofollow noopener\" target=\"_blank\"> Loe kommentaare (20)<\/a><\/p>\n","protected":false},"excerpt":{"rendered":"Kui Kohver (37) Tartu kesklinnas ringi jalutab, meenub pea igal nurgal nii m\u00f5ndagi m\u00e4lestusv\u00e4\u00e4rset, mille p\u00f5hjal jutustada kaasakiskuv&hellip;\n","protected":false},"author":2,"featured_media":229675,"comment_status":"","ping_status":"","sticky":false,"template":"","format":"standard","meta":{"footnotes":"","_share_on_mastodon":"0"},"categories":[16],"tags":[708,91621,37,33,35,173,34,36,706,140],"class_list":["post-229674","post","type-post","status-publish","format-standard","has-post-thumbnail","category-meelelahutus","tag-5miinust","tag-delfi-tartu-nadal","tag-ee","tag-eesti","tag-eesti-keel","tag-entertainment","tag-estonia","tag-estonian","tag-kohver","tag-meelelahutus"],"share_on_mastodon":{"url":"https:\/\/pubeurope.com\/@ee\/116930217734794074","error":""},"_links":{"self":[{"href":"https:\/\/www.europesays.com\/ee\/wp-json\/wp\/v2\/posts\/229674","targetHints":{"allow":["GET"]}}],"collection":[{"href":"https:\/\/www.europesays.com\/ee\/wp-json\/wp\/v2\/posts"}],"about":[{"href":"https:\/\/www.europesays.com\/ee\/wp-json\/wp\/v2\/types\/post"}],"author":[{"embeddable":true,"href":"https:\/\/www.europesays.com\/ee\/wp-json\/wp\/v2\/users\/2"}],"replies":[{"embeddable":true,"href":"https:\/\/www.europesays.com\/ee\/wp-json\/wp\/v2\/comments?post=229674"}],"version-history":[{"count":0,"href":"https:\/\/www.europesays.com\/ee\/wp-json\/wp\/v2\/posts\/229674\/revisions"}],"wp:featuredmedia":[{"embeddable":true,"href":"https:\/\/www.europesays.com\/ee\/wp-json\/wp\/v2\/media\/229675"}],"wp:attachment":[{"href":"https:\/\/www.europesays.com\/ee\/wp-json\/wp\/v2\/media?parent=229674"}],"wp:term":[{"taxonomy":"category","embeddable":true,"href":"https:\/\/www.europesays.com\/ee\/wp-json\/wp\/v2\/categories?post=229674"},{"taxonomy":"post_tag","embeddable":true,"href":"https:\/\/www.europesays.com\/ee\/wp-json\/wp\/v2\/tags?post=229674"}],"curies":[{"name":"wp","href":"https:\/\/api.w.org\/{rel}","templated":true}]}}