{"id":229763,"date":"2026-07-16T17:14:09","date_gmt":"2026-07-16T17:14:09","guid":{"rendered":"https:\/\/www.europesays.com\/ee\/229763\/"},"modified":"2026-07-16T17:14:09","modified_gmt":"2026-07-16T17:14:09","slug":"martin-nimetati-eesti-spordi-kuulsuste-halli-autoralli","status":"publish","type":"post","link":"https:\/\/www.europesays.com\/ee\/229763\/","title":{"rendered":"M\u00e4rtin nimetati Eesti Spordi Kuulsuste Halli | Autoralli"},"content":{"rendered":"<p>Sel n\u00e4dalavahetusel v\u00f5tab Tartu linna ja L\u00f5una-Eesti teed \u00fcle WRC Delfi Rally Estonia, mille avatseremoonia peeti Tartu Raekoja platsil.<\/p>\n<p>Avatseremoonia k\u00e4igus kuulutas Eesti Spordi- ja Ol\u00fcmpiamuuseumi juhatuse liige\u00a0Siim Randoja, et Markko M\u00e4rtinist sai Eesti Spordi Kuulsuste Halli liige. &#8220;Ma pole eriline auhindade inimene, aga see on \u00fcks v\u00e4heseid, mille saab vastu v\u00f5tta ilma midagi tegemata,&#8221; r\u00e4\u00e4kis esimese eestlasena WRC-sarjas s\u00f5itnud M\u00e4rtin.<\/p>\n<p>&#8220;L\u00f5puks on Eesti Spordi Kuulsuste Hallis ka mootorisportlane. Meil on palju suuri sportlasi, aga ma olen esimene, kes neljal rattal sinna p\u00e4\u00e4ses. See on v\u00e4ga suur asi, selle ala ajalugu meie riigis on v\u00e4ga pikk. Usun, et neid nimesid lisatakse veel, aga mul on heameel olla esimene. Ma usun, et mu tulemused ei ole p\u00f5hjus, miks Kuulsuste Halli sain. Kunagi E.O.S rallit korraldades tahtsime tuua Eestisse uusi ideid, kaasaegse ralli\u00fcrituse. Tahtsime n\u00e4idata inimestele, kuidas seda Euroopas korraldatakse. See oli edukas ja n\u00fc\u00fcd on sellest ideest kasvanud v\u00e4lja selline ralli,&#8221; r\u00e4\u00e4kis M\u00e4rtin.<\/p>\n<p>&#8220;N\u00fc\u00fcd l\u00e4heb siit ideid laia ilma, teised rallid \u00f5pivad Eesti korraldajatelt. See on suurep\u00e4rane n\u00e4ide sellest, kuidas eestlased v\u00f5ivad midagi t\u00f5eliselt erilist teha,&#8221; lisas rallilegend. &#8220;Meil on mitu vinget s\u00f5itjat, ralli on heas kohas.&#8221;<\/p>\n<p>Tartu Raekoja platsil v\u00f5eti k\u00f5ik s\u00f5itjad vastu ning laval k\u00e4isid ka k\u00f5ik kuus WRC2 klassis v\u00f5istlevat eestlast. &#8220;Kui nendest meestest siin keegi n\u00e4rvis on, siis see olen mina. N\u00e4rvik\u00f5di on omajagu, aga \u00fcritan nautida ka. Eks ole n\u00e4ha, kuidas l\u00e4heb. Igatahes on \u00e4ge siin olla!&#8221; r\u00e4\u00e4kis Jaspar Vaher, kes teeb kodustel teedel oma WRC-deb\u00fc\u00fcdi.<\/p>\n<p>Samuti esmakordselt MM-rallil osalev Karl Martin Volver \u00fctles, et s\u00f5idab j\u00e4rgmise aasta jaoks. &#8220;See on meie esimene kord WRC rallil, see tuleb suur v\u00e4ljakutse. Saame kogemust selles keskkonnas nende f\u00e4nnidega. Olen veidi n\u00e4rvis, aga esimene kord vist v\u00f5ib olla. Oleme v\u00e4ga rahul, et oleme siia j\u00f5udnud. Oleme kogemuse p\u00e4rast tulnud ja teeme t\u00f6\u00f6d j\u00e4rgmiseks aastaks. V\u00f5tame maksimumi, mis v\u00f5tta saame,&#8221; r\u00e4\u00e4kis ta.<\/p>\n<p>Joosep Ralf N\u00f5gene t\u00f5i v\u00e4lja stardinimekirja tugevuse ning eestlaste omavahelise konkurentsi. &#8220;V\u00f5rreldes eelmise aastaga on tase tunduvalt t\u00f5usnud. Raske on leida tugevamat stardinimekirja, kui arvestada k\u00f5iki eestlasi. See tuleb \u00fcks suur v\u00f5itlus,&#8221; r\u00e4\u00e4kis N\u00f5gene. &#8220;Tuleb \u00fcks v\u00e4ga tummine v\u00f5istlus, esiteks eestlaste vahel omaette ja kogu selle konkurentsi keskel tuleks seda nautida ka. Samas k\u00f5ige suurem nauding on see, kui saad v\u00f5idelda k\u00f5rgete kohtade eest.&#8221;<\/p>\n<p>Romet J\u00fcrgenson r\u00e4\u00e4kis, et kodupubliku ees s\u00f5itmine on alati teistsugune kogemus. &#8220;Ott [T\u00e4nak] r\u00e4\u00e4kis alati, et siin on teistsugune tunne, aga ma ei saanud toona sellest aru. N\u00fc\u00fcd ise siin seistes kindlasti saan! F\u00e4nnid aitavad meil endast ja autost maksimumi v\u00e4lja v\u00f5tta, see tuleb vinge ralli,&#8221; r\u00e4\u00e4kis J\u00fcrgenson. &#8220;On lahe, et uus p\u00f5lvkond on peale kasvamas. Isegi kui Ott ja Martin on praegu pausi teinud, siis on tore n\u00e4ha, et ralli ikka Eestis elab!&#8221;<\/p>\n","protected":false},"excerpt":{"rendered":"Sel n\u00e4dalavahetusel v\u00f5tab Tartu linna ja L\u00f5una-Eesti teed \u00fcle WRC Delfi Rally Estonia, mille avatseremoonia peeti Tartu Raekoja&hellip;\n","protected":false},"author":2,"featured_media":229764,"comment_status":"","ping_status":"","sticky":false,"template":"","format":"standard","meta":{"footnotes":"","_share_on_mastodon":"0"},"categories":[18],"tags":[3503,37,33,35,34,36,2013,5352,159,158],"class_list":["post-229763","post","type-post","status-publish","format-standard","has-post-thumbnail","category-sport","tag-autoralli-mm-sari","tag-ee","tag-eesti","tag-eesti-keel","tag-estonia","tag-estonian","tag-markko-martin","tag-rally-estonia","tag-sport","tag-sports"],"share_on_mastodon":{"url":"https:\/\/pubeurope.com\/@ee\/116930783867900120","error":""},"_links":{"self":[{"href":"https:\/\/www.europesays.com\/ee\/wp-json\/wp\/v2\/posts\/229763","targetHints":{"allow":["GET"]}}],"collection":[{"href":"https:\/\/www.europesays.com\/ee\/wp-json\/wp\/v2\/posts"}],"about":[{"href":"https:\/\/www.europesays.com\/ee\/wp-json\/wp\/v2\/types\/post"}],"author":[{"embeddable":true,"href":"https:\/\/www.europesays.com\/ee\/wp-json\/wp\/v2\/users\/2"}],"replies":[{"embeddable":true,"href":"https:\/\/www.europesays.com\/ee\/wp-json\/wp\/v2\/comments?post=229763"}],"version-history":[{"count":0,"href":"https:\/\/www.europesays.com\/ee\/wp-json\/wp\/v2\/posts\/229763\/revisions"}],"wp:featuredmedia":[{"embeddable":true,"href":"https:\/\/www.europesays.com\/ee\/wp-json\/wp\/v2\/media\/229764"}],"wp:attachment":[{"href":"https:\/\/www.europesays.com\/ee\/wp-json\/wp\/v2\/media?parent=229763"}],"wp:term":[{"taxonomy":"category","embeddable":true,"href":"https:\/\/www.europesays.com\/ee\/wp-json\/wp\/v2\/categories?post=229763"},{"taxonomy":"post_tag","embeddable":true,"href":"https:\/\/www.europesays.com\/ee\/wp-json\/wp\/v2\/tags?post=229763"}],"curies":[{"name":"wp","href":"https:\/\/api.w.org\/{rel}","templated":true}]}}