{"id":229894,"date":"2026-07-16T21:09:13","date_gmt":"2026-07-16T21:09:13","guid":{"rendered":"https:\/\/www.europesays.com\/ee\/229894\/"},"modified":"2026-07-16T21:09:13","modified_gmt":"2026-07-16T21:09:13","slug":"tipphetked-levadia-vajas-walesi-klubi-lomastamiseks-nelja-leegionari-ja-uht-eestlast-soccernet-ee","status":"publish","type":"post","link":"https:\/\/www.europesays.com\/ee\/229894\/","title":{"rendered":"Tipphetked: Levadia vajas Walesi klubi l\u00f6mastamiseks nelja leegion\u00e4ri ja \u00fcht eestlast &#8211; Soccernet.ee"},"content":{"rendered":"<p><img decoding=\"async\" src=\"https:\/\/www.europesays.com\/ee\/wp-content\/uploads\/2026\/07\/1784232290.jpg\" alt=\"Levadia suundub Konverentsiliigas teise eelringi. Foto: Liisi Troska \/ jalgpall.ee\"\/>&#13;\n<\/p>\n<p>Premium liiga liider Tallinna Levadia l\u00f6mastas Konverentsiliigas rekordiv\u00e4\u00e4riliselt Walesi klubi Caernarfoni, kui sarnaselt avam\u00e4ngule v\u00f5ideti vastast 5:0.<\/p>\n<p>Levadia haaras juhtohjad juba varakult, kui Enock Otoo keerutas palli neljandal minutil tagumisse nurka. 20. minutil kasutas kodumeeskond \u00e4ra vastaste v\u00e4ravavahi s\u00f6\u00f6dueksimuse, misj\u00e4rel t\u00f5stis Wendell palli v\u00f5rku. Riietusruumi suunduti 3:0 eduseisul, sest 33. minutil realiseeris Joao Pedro penalti.&#13;\n<\/p>\n<p>V\u00f5\u00f5rustajate kolmev\u00e4ravaline edumaa kestis 70. minutini, mil Gregor Lehtmets s\u00f6\u00f6tis karistusalasse tormanud Bubacarr Tambedoule, kes ei j\u00e4tnud midagi juhuse hooleks. I-le vajutas kauni keerutusega t\u00e4pi Mihkel Ainsalu.&#13;<\/p>\n","protected":false},"excerpt":{"rendered":"&#13; Premium liiga liider Tallinna Levadia l\u00f6mastas Konverentsiliigas rekordiv\u00e4\u00e4riliselt Walesi klubi Caernarfoni, kui sarnaselt avam\u00e4ngule v\u00f5ideti vastast 5:0.&hellip;\n","protected":false},"author":2,"featured_media":229895,"comment_status":"","ping_status":"","sticky":false,"template":"","format":"standard","meta":{"footnotes":"","_share_on_mastodon":"0"},"categories":[5],"tags":[26,27,91075,37,33,35,52950,34,36,31,32,21,28,29,1358,19,25,1360,8407,23,24,22,20,30],"class_list":["post-229894","post","type-post","status-publish","format-standard","has-post-thumbnail","category-uldised-uudised","tag-breaking-news","tag-breakingnews","tag-caernarfon","tag-ee","tag-eesti","tag-eesti-keel","tag-eesti-klubid-eurosarjas","tag-estonia","tag-estonian","tag-featured-news","tag-featurednews","tag-headlines","tag-latest-news","tag-latestnews","tag-levadia","tag-news","tag-populaarseimad-lood","tag-tallinna-levadia","tag-tipphetked","tag-top-stories","tag-topstories","tag-uldised-uudised","tag-uudised","tag-viimased-uudised"],"share_on_mastodon":{"url":"https:\/\/pubeurope.com\/@ee\/116931708092251317","error":""},"_links":{"self":[{"href":"https:\/\/www.europesays.com\/ee\/wp-json\/wp\/v2\/posts\/229894","targetHints":{"allow":["GET"]}}],"collection":[{"href":"https:\/\/www.europesays.com\/ee\/wp-json\/wp\/v2\/posts"}],"about":[{"href":"https:\/\/www.europesays.com\/ee\/wp-json\/wp\/v2\/types\/post"}],"author":[{"embeddable":true,"href":"https:\/\/www.europesays.com\/ee\/wp-json\/wp\/v2\/users\/2"}],"replies":[{"embeddable":true,"href":"https:\/\/www.europesays.com\/ee\/wp-json\/wp\/v2\/comments?post=229894"}],"version-history":[{"count":0,"href":"https:\/\/www.europesays.com\/ee\/wp-json\/wp\/v2\/posts\/229894\/revisions"}],"wp:featuredmedia":[{"embeddable":true,"href":"https:\/\/www.europesays.com\/ee\/wp-json\/wp\/v2\/media\/229895"}],"wp:attachment":[{"href":"https:\/\/www.europesays.com\/ee\/wp-json\/wp\/v2\/media?parent=229894"}],"wp:term":[{"taxonomy":"category","embeddable":true,"href":"https:\/\/www.europesays.com\/ee\/wp-json\/wp\/v2\/categories?post=229894"},{"taxonomy":"post_tag","embeddable":true,"href":"https:\/\/www.europesays.com\/ee\/wp-json\/wp\/v2\/tags?post=229894"}],"curies":[{"name":"wp","href":"https:\/\/api.w.org\/{rel}","templated":true}]}}