{"id":229969,"date":"2026-07-17T00:58:41","date_gmt":"2026-07-17T00:58:41","guid":{"rendered":"https:\/\/www.europesays.com\/ee\/229969\/"},"modified":"2026-07-17T00:58:41","modified_gmt":"2026-07-17T00:58:41","slug":"droonid-aitavad-jahimeestel-avastada-metssigu-ja-tohustada-nende-leidmist-ning-kuttimist-sigalate-umbruses","status":"publish","type":"post","link":"https:\/\/www.europesays.com\/ee\/229969\/","title":{"rendered":"Droonid aitavad jahimeestel avastada metssigu ja t\u00f5hustada nende leidmist ning k\u00fcttimist sigalate \u00fcmbruses"},"content":{"rendered":"<p>            <a href=\"https:\/\/www.europesays.com\/ee\/wp-content\/uploads\/2026\/07\/droonid-pta.webp\" data-caption=\"Foto: PTA\"><img loading=\"lazy\" decoding=\"async\" width=\"2200\" height=\"1467\" class=\"entry-thumb td-modal-image\" src=\"https:\/\/www.europesays.com\/ee\/wp-content\/uploads\/2026\/07\/droonid-pta.webp\"   alt=\"\" title=\"droonid pta\"\/><\/a>Foto: PTA<\/p>\n<p>Kliimaministeeriumi meetme alusel alustas Eesti Jahimeeste Selts droonilende sigalate tellimusel, et v\u00e4hendada metssigade arvukust farmide \u00fcmbruses. Juba on k\u00fctitud esimesed metssead.<\/p>\n<p>P\u00f5llumajandus- ja Toiduameti loomatervise ja -heaolu valdkonnajuhi Gerlin\u00a0J\u00e4rvela\u00a0s\u00f5nul on meedet seapidajate poolt kaua oodatud. \u201eSigade Aafrika katku k\u00f5rgajal on \u00e4\u00e4rmiselt oluline, et sigalate \u00fcmbruses oleks v\u00f5imalikult v\u00e4he metssigu. Varasem kogemus on n\u00e4idanud, et kui sigala \u00fcmbrusest leitakse viirusega nakatunud metssigu on farm suures ohus ning haiguse j\u00f5udmise t\u00f5en\u00e4osus sigalasse suureneb m\u00e4rkimisv\u00e4\u00e4rselt,\u201c\u00a0selgitas J\u00e4rvela.<\/p>\n<p>\u201cK\u00f5ige keerulisem on sigalate \u00fcmbruses metssigade kiire avastamine ja nende operatiivne k\u00fcttimine. Droonid annavad jahimeestele v\u00f5imaluse tuvastada metssigade asukoht m\u00e4rksa kiiremini ja t\u00e4psemalt ning suunata jahipidamine just nendesse piirkondadesse, kus nakkuse leviku risk farmidesse on k\u00f5ige suurem. Droon ei asenda jahimeest, vaid aitab muuta k\u00fcttimise t\u00f5husamaks ja sihip\u00e4rasemaks,\u201d \u00fctles\u00a0Kliimaministeeriumi metsaosakonna jahinduse n\u00f5unik Aimar Rakko.<\/p>\n<p>\u201eKohe p\u00e4rast lepingu allkirjastamist alustasime s\u00fcsteemset drooniseiret. Kaasame kohalikke jahimehi, kes oma jahimaid ja metssigade elupaiku h\u00e4sti tunnevad. Juba on ka esimesed tulemused, n\u00e4iteks drooniseire tulemusena k\u00fctiti Vasula k\u00fclas Eesti T\u00f5usigade Aretus\u00fchistu seemendusjaama l\u00e4histel \u00fcks metssiga, kelle proov oli negatiivne. Lisaks k\u00fctiti drooniseire k\u00e4igus kaks metssiga L\u00e4\u00e4ne-Virumaalt, proovid olid samuti negatiivsed,\u201c kommenteeris\u00a0Eesti Jahimeeste Seltsi JAHISe infos\u00fcsteemi juht ning drooniseirete eestvedaja T\u00f5nu Peterson.<\/p>\n","protected":false},"excerpt":{"rendered":"Foto: PTA Kliimaministeeriumi meetme alusel alustas Eesti Jahimeeste Selts droonilende sigalate tellimusel, et v\u00e4hendada metssigade arvukust farmide \u00fcmbruses.&hellip;\n","protected":false},"author":2,"featured_media":229970,"comment_status":"","ping_status":"","sticky":false,"template":"","format":"standard","meta":{"footnotes":"","_share_on_mastodon":"0"},"categories":[80],"tags":[26,27,404,1274,37,33,35,34,36,31,32,21,2832,3915,28,29,95,5777,19,25,7655,5463,5462,1397,23,24,22,20,30,92,93,94],"class_list":["post-229969","post","type-post","status-publish","format-standard","has-post-thumbnail","category-maailm","tag-breaking-news","tag-breakingnews","tag-droon","tag-droonid","tag-ee","tag-eesti","tag-eesti-keel","tag-estonia","tag-estonian","tag-featured-news","tag-featurednews","tag-headlines","tag-jahindus","tag-jahipidamine","tag-latest-news","tag-latestnews","tag-maailm","tag-metssiga","tag-news","tag-populaarseimad-lood","tag-seafarm","tag-seakatk","tag-siga","tag-sigade-aafrika-katk","tag-top-stories","tag-topstories","tag-uldised-uudised","tag-uudised","tag-viimased-uudised","tag-world","tag-world-news","tag-worldnews"],"share_on_mastodon":{"url":"https:\/\/pubeurope.com\/@ee\/116932608678128571","error":""},"_links":{"self":[{"href":"https:\/\/www.europesays.com\/ee\/wp-json\/wp\/v2\/posts\/229969","targetHints":{"allow":["GET"]}}],"collection":[{"href":"https:\/\/www.europesays.com\/ee\/wp-json\/wp\/v2\/posts"}],"about":[{"href":"https:\/\/www.europesays.com\/ee\/wp-json\/wp\/v2\/types\/post"}],"author":[{"embeddable":true,"href":"https:\/\/www.europesays.com\/ee\/wp-json\/wp\/v2\/users\/2"}],"replies":[{"embeddable":true,"href":"https:\/\/www.europesays.com\/ee\/wp-json\/wp\/v2\/comments?post=229969"}],"version-history":[{"count":0,"href":"https:\/\/www.europesays.com\/ee\/wp-json\/wp\/v2\/posts\/229969\/revisions"}],"wp:featuredmedia":[{"embeddable":true,"href":"https:\/\/www.europesays.com\/ee\/wp-json\/wp\/v2\/media\/229970"}],"wp:attachment":[{"href":"https:\/\/www.europesays.com\/ee\/wp-json\/wp\/v2\/media?parent=229969"}],"wp:term":[{"taxonomy":"category","embeddable":true,"href":"https:\/\/www.europesays.com\/ee\/wp-json\/wp\/v2\/categories?post=229969"},{"taxonomy":"post_tag","embeddable":true,"href":"https:\/\/www.europesays.com\/ee\/wp-json\/wp\/v2\/tags?post=229969"}],"curies":[{"name":"wp","href":"https:\/\/api.w.org\/{rel}","templated":true}]}}