{"id":230032,"date":"2026-07-17T05:11:10","date_gmt":"2026-07-17T05:11:10","guid":{"rendered":"https:\/\/www.europesays.com\/ee\/230032\/"},"modified":"2026-07-17T05:11:10","modified_gmt":"2026-07-17T05:11:10","slug":"kulbergs-lati-tugevdas-vene-ohu-tottu-gaasihoidla-ja-hudroelektrijaama-julgeolekut","status":"publish","type":"post","link":"https:\/\/www.europesays.com\/ee\/230032\/","title":{"rendered":"Kulbergs: L\u00e4ti tugevdas Vene ohu t\u00f5ttu gaasihoidla ja h\u00fcdroelektrijaama julgeolekut"},"content":{"rendered":"<p>L\u00e4ti, <a rel=\"noopener nofollow\" target=\"_blank\" href=\"https:\/\/www.delfi.ee\/teema\/28034759\/leedu\" tag-id=\"28034759\">Leedu<\/a> ja <a rel=\"noopener nofollow\" target=\"_blank\" href=\"https:\/\/www.delfi.ee\/teema\/23754953\/poola\" tag-id=\"23754953\">Poola<\/a> liidrid on viimasel ajal hoiatanud, et l\u00e4\u00e4ne luureteenistused usuvad, et <a rel=\"noopener nofollow\" target=\"_blank\" href=\"https:\/\/www.delfi.ee\/teema\/3\/venemaa\" tag-id=\"3\">Venemaa<\/a> plaanib provokatsioone ja r\u00fcnnakuid piirkonna taristu vastu.<\/p>\n<p><a rel=\"noopener nofollow\" target=\"_blank\" href=\"https:\/\/www.delfi.ee\/teema\/24680929\/kreml\" tag-id=\"24680929\">Kreml<\/a> nimetas neid teateid \u201ehirmujuttudeks\u201c.<\/p>\n<p><a href=\"http:\/\/www.delfi.ee\/artikkel\/120597365\/leedu-president-ja-poola-valisminister-hoiatasid-venemaa-plaanitavate-provokatsioonide-eest#dalrel-in-article\" class=\"content-embedded-articles-single__embedded-article\" data-v-469265ed=\"\" rel=\"nofollow noopener\" target=\"_blank\"><\/p>\n<p> 15.07.2026 <\/p>\n<p> Leedu president ja Poola v\u00e4lisminister hoiatasid Venemaa plaanitavate provokatsioonide eest. Kreml: hirmujutud  (30) <\/p>\n<p><\/a><\/p>\n<p>K\u00fcsimusele, kus on julgeolekumeetmeid ohu t\u00f5ttu tugevdatud, vastas Kulbergs: \u201eLoomulikult In\u010dukalns [gaasihoidla] nagu ka meie energiasektor ja -ettev\u00f5tted, kindlasti h\u00fcdroelektrijaam.\u201c<\/p>\n<p>Kulbergs \u00fctles, et on r\u00e4\u00e4kinud <a rel=\"noopener nofollow\" target=\"_blank\" href=\"https:\/\/www.delfi.ee\/teema\/24581263\/nato\" tag-id=\"24581263\">NATO<\/a> peasekret\u00e4ri <a rel=\"noopener nofollow\" target=\"_blank\" href=\"https:\/\/www.delfi.ee\/teema\/64958786\/mark-rutte\" tag-id=\"64958786\">Mark Ruttega<\/a> ja palunud alliansilt rohkem \u00f5hukaitset ja s\u00f5dureid.<\/p>\n<p>Samuti palus Kulbergs L\u00e4tis <a rel=\"noopener nofollow\" target=\"_blank\" href=\"https:\/\/www.delfi.ee\/teema\/25048531\/ukraina\" tag-id=\"25048531\">Ukraina<\/a> abiga arendatava droonit\u00f5rjes\u00fcsteemi kiiret l\u00f5imimist NATO kaitses\u00fcsteemidega.<\/p>\n<p>Kulbergs \u00fctles, et kuna Venemaal on s\u00f5jas Ukraina vastu tagasil\u00f6\u00f6ke, tahab selle juhtkond \u201ekiiret v\u00f5itu, nii et potentsiaalne h\u00fcbriidoht on suurem kui varem\u201c. \u201eK\u00f5ik on v\u00f5imalik,\u201c lisas Kulbergs.<\/p>\n<p>Kuidas see lugu Sind end tundma pani? Saada <a href=\"https:\/\/www.delfi.ee\/artikkel\/120597787\/kulbergs-lati-tugevdas-vene-ohu-tottu-gaasihoidla-ja-hudroelektrijaama-julgeolekut\/kommentaarid\" class=\"article-body-bottom__comment article-body-bottom__comment--write button button--primary button--size-auto\" rel=\"nofollow noopener\" target=\"_blank\"> Kommenteeri <\/a><a href=\"https:\/\/www.delfi.ee\/artikkel\/120597787\/kulbergs-lati-tugevdas-vene-ohu-tottu-gaasihoidla-ja-hudroelektrijaama-julgeolekut\/kommentaarid\" class=\"article-body-bottom__comment article-body-bottom__comment--read button button--size-auto\" rel=\"nofollow noopener\" target=\"_blank\"> Loe kommentaare <\/a><\/p>\n","protected":false},"excerpt":{"rendered":"L\u00e4ti, Leedu ja Poola liidrid on viimasel ajal hoiatanud, et l\u00e4\u00e4ne luureteenistused usuvad, et Venemaa plaanib provokatsioone ja&hellip;\n","protected":false},"author":2,"featured_media":230033,"comment_status":"","ping_status":"","sticky":false,"template":"","format":"standard","meta":{"footnotes":"","_share_on_mastodon":"0"},"categories":[80],"tags":[44107,26,27,37,33,35,34,36,31,32,21,103,28,29,114,115,95,3614,54,19,111,25,23,24,262,22,20,96,30,92,93,94],"class_list":["post-230032","post","type-post","status-publish","format-standard","has-post-thumbnail","category-maailm","tag-andris-kulbergs","tag-breaking-news","tag-breakingnews","tag-ee","tag-eesti","tag-eesti-keel","tag-estonia","tag-estonian","tag-featured-news","tag-featurednews","tag-headlines","tag-kreml","tag-latest-news","tag-latestnews","tag-lati","tag-leedu","tag-maailm","tag-mark-rutte","tag-nato","tag-news","tag-poola","tag-populaarseimad-lood","tag-top-stories","tag-topstories","tag-ukraina","tag-uldised-uudised","tag-uudised","tag-venemaa","tag-viimased-uudised","tag-world","tag-world-news","tag-worldnews"],"share_on_mastodon":{"url":"https:\/\/pubeurope.com\/@ee\/116933603093396959","error":""},"_links":{"self":[{"href":"https:\/\/www.europesays.com\/ee\/wp-json\/wp\/v2\/posts\/230032","targetHints":{"allow":["GET"]}}],"collection":[{"href":"https:\/\/www.europesays.com\/ee\/wp-json\/wp\/v2\/posts"}],"about":[{"href":"https:\/\/www.europesays.com\/ee\/wp-json\/wp\/v2\/types\/post"}],"author":[{"embeddable":true,"href":"https:\/\/www.europesays.com\/ee\/wp-json\/wp\/v2\/users\/2"}],"replies":[{"embeddable":true,"href":"https:\/\/www.europesays.com\/ee\/wp-json\/wp\/v2\/comments?post=230032"}],"version-history":[{"count":0,"href":"https:\/\/www.europesays.com\/ee\/wp-json\/wp\/v2\/posts\/230032\/revisions"}],"wp:featuredmedia":[{"embeddable":true,"href":"https:\/\/www.europesays.com\/ee\/wp-json\/wp\/v2\/media\/230033"}],"wp:attachment":[{"href":"https:\/\/www.europesays.com\/ee\/wp-json\/wp\/v2\/media?parent=230032"}],"wp:term":[{"taxonomy":"category","embeddable":true,"href":"https:\/\/www.europesays.com\/ee\/wp-json\/wp\/v2\/categories?post=230032"},{"taxonomy":"post_tag","embeddable":true,"href":"https:\/\/www.europesays.com\/ee\/wp-json\/wp\/v2\/tags?post=230032"}],"curies":[{"name":"wp","href":"https:\/\/api.w.org\/{rel}","templated":true}]}}