{"id":230061,"date":"2026-07-17T05:44:10","date_gmt":"2026-07-17T05:44:10","guid":{"rendered":"https:\/\/www.europesays.com\/ee\/230061\/"},"modified":"2026-07-17T05:44:10","modified_gmt":"2026-07-17T05:44:10","slug":"pevkur-usa-relvatarned-jouavad-eestisse-lahikuudel","status":"publish","type":"post","link":"https:\/\/www.europesays.com\/ee\/230061\/","title":{"rendered":"Pevkur: USA relvatarned j\u00f5uavad Eestisse l\u00e4hikuudel"},"content":{"rendered":"<p>Pevkur m\u00e4rkis ERR-ile, et moon on praegu vabastatud, v\u00e4lja arvatud \u00fcks moona liikidest \u2013  <a rel=\"noopener nofollow\" target=\"_blank\" href=\"https:\/\/www.delfi.ee\/teema\/96856008\/atacms\" tag-id=\"96856008\">ATACMS<\/a> on veel ootel, kuna see on eelk\u00f5ige seotud USA operatsioonidega Iraanis. Tema s\u00f5nul peaksid \u00fclej\u00e4\u00e4nud tellitud moonad l\u00e4hikuudel Eestisse j\u00f5udma ning juba praegu lepitakse logistilisi \u00fcksikasju kokku, millal on v\u00f5imalik lennuk j\u00e4rele saata.<\/p>\n<p>Kaitseminister kinnitas, et kevadel probleeme olnud mitmikraketiheitja <a rel=\"noopener nofollow\" target=\"_blank\" href=\"https:\/\/www.delfi.ee\/teema\/96843660\/himars\" tag-id=\"96843660\">HIMARS<\/a>-i laskemoonaga on n\u00fc\u00fcd korras. \u201eK\u00f5ik, mis peab meile tulema, ka tuleb. Nagu ma \u00fctlesin, siis HIMARS-i puhul on ka teine moon ATACMS, mis s\u00f5ltub praegu eelk\u00f5ige sellest, millised on arengud Iraanis,\u201c \u00fctles Pevkur ERR-ile.<\/p>\n<p>Moona transportimiseks eelistab Eesti \u00f5hutransporti, kuna see on kiirem, kuid on varuvariandina kaalutud ka meretransporti.<\/p>\n<p>Delfi kirjutas kevadel, et k\u00f5ik USA moonatarned j\u00e4\u00e4vad Iraani s\u00f5ja ajaks pausile.<\/p>\n<p>Minister helistas sel teemal USA s\u00f5jaministrile Pete Heghsethile. \u201eSee oli selline aus ja asjalik vestlus. Tema p\u00f5hiargument oli arusaadav. Neil on varud t\u00e4itsa olemas, aga teadmata, kui kaua konflikt Iraanis kestab, peavad nad olema valmis erinevateks stsenaariumiteks,\u201c r\u00e4\u00e4kis Pevkur p\u00e4rast k\u00f5net siis Delfile.<\/p>\n<p>See t\u00e4hendas, et Eestisse ei j\u00f5ua mitmikraketiheitja <a rel=\"noopener nofollow\" target=\"_blank\" href=\"https:\/\/www.delfi.ee\/teema\/96843660\/himars\" data-rel-date-range=\"[]\">HIMARS<\/a>-i ja tankit\u00f5rjerelva <a rel=\"noopener nofollow\" target=\"_blank\" href=\"https:\/\/www.delfi.ee\/teema\/68823015\/javelin\" data-rel-date-range=\"[]\">Javelini<\/a> moon.<\/p>\n<p>Pevkur ei n\u00e4inud siis, et tarnete viibimisel oleks ka Eestile rahaline m\u00f5ju. \u201eKui pilt on l\u00f5plikult selge, siis me saame seda ka vaadata, mida see rahaliselt t\u00e4hendab v\u00f5i ei t\u00e4henda,\u201c \u00fctles minister toona.<\/p>\n<p><a href=\"http:\/\/www.delfi.ee\/artikkel\/120569748\/usa-sojaminister-pevkurile-moonatarned-eestile-jaavad-pausile#dalrel-in-article\" class=\"content-embedded-articles-single__embedded-article\" data-v-469265ed=\"\" rel=\"nofollow noopener\" target=\"_blank\"><\/p>\n<p> 20.04.2026 <\/p>\n<p> USA s\u00f5jaminister Pevkurile: Eestile moona tarnimine j\u00e4\u00e4b pausile  (454) <\/p>\n<p><\/a>Kuidas see lugu Sind end tundma pani? Saada <a href=\"https:\/\/www.delfi.ee\/artikkel\/120597791\/pevkur-usa-relvatarned-jouavad-eestisse-lahikuudel\/kommentaarid\" class=\"article-body-bottom__comment article-body-bottom__comment--write button button--primary button--size-auto\" rel=\"nofollow noopener\" target=\"_blank\"> Kommenteeri <\/a><a href=\"https:\/\/www.delfi.ee\/artikkel\/120597791\/pevkur-usa-relvatarned-jouavad-eestisse-lahikuudel\/kommentaarid\" class=\"article-body-bottom__comment article-body-bottom__comment--read button button--size-auto\" rel=\"nofollow noopener\" target=\"_blank\"> Loe kommentaare (23)<\/a><\/p>\n","protected":false},"excerpt":{"rendered":"Pevkur m\u00e4rkis ERR-ile, et moon on praegu vabastatud, v\u00e4lja arvatud \u00fcks moona liikidest \u2013 ATACMS on veel ootel,&hellip;\n","protected":false},"author":2,"featured_media":230062,"comment_status":"","ping_status":"","sticky":false,"template":"","format":"standard","meta":{"footnotes":"","_share_on_mastodon":"0"},"categories":[80],"tags":[6628,26,27,37,33,35,34,36,31,32,492,21,6627,73554,28,29,95,19,25,23,24,22,20,30,92,93,94],"class_list":["post-230061","post","type-post","status-publish","format-standard","has-post-thumbnail","category-maailm","tag-atacms","tag-breaking-news","tag-breakingnews","tag-ee","tag-eesti","tag-eesti-keel","tag-estonia","tag-estonian","tag-featured-news","tag-featurednews","tag-hanno-pevkur","tag-headlines","tag-himars","tag-javelin","tag-latest-news","tag-latestnews","tag-maailm","tag-news","tag-populaarseimad-lood","tag-top-stories","tag-topstories","tag-uldised-uudised","tag-uudised","tag-viimased-uudised","tag-world","tag-world-news","tag-worldnews"],"share_on_mastodon":{"url":"https:\/\/pubeurope.com\/@ee\/116933732719394347","error":""},"_links":{"self":[{"href":"https:\/\/www.europesays.com\/ee\/wp-json\/wp\/v2\/posts\/230061","targetHints":{"allow":["GET"]}}],"collection":[{"href":"https:\/\/www.europesays.com\/ee\/wp-json\/wp\/v2\/posts"}],"about":[{"href":"https:\/\/www.europesays.com\/ee\/wp-json\/wp\/v2\/types\/post"}],"author":[{"embeddable":true,"href":"https:\/\/www.europesays.com\/ee\/wp-json\/wp\/v2\/users\/2"}],"replies":[{"embeddable":true,"href":"https:\/\/www.europesays.com\/ee\/wp-json\/wp\/v2\/comments?post=230061"}],"version-history":[{"count":0,"href":"https:\/\/www.europesays.com\/ee\/wp-json\/wp\/v2\/posts\/230061\/revisions"}],"wp:featuredmedia":[{"embeddable":true,"href":"https:\/\/www.europesays.com\/ee\/wp-json\/wp\/v2\/media\/230062"}],"wp:attachment":[{"href":"https:\/\/www.europesays.com\/ee\/wp-json\/wp\/v2\/media?parent=230061"}],"wp:term":[{"taxonomy":"category","embeddable":true,"href":"https:\/\/www.europesays.com\/ee\/wp-json\/wp\/v2\/categories?post=230061"},{"taxonomy":"post_tag","embeddable":true,"href":"https:\/\/www.europesays.com\/ee\/wp-json\/wp\/v2\/tags?post=230061"}],"curies":[{"name":"wp","href":"https:\/\/api.w.org\/{rel}","templated":true}]}}