{"id":230193,"date":"2026-07-17T08:51:10","date_gmt":"2026-07-17T08:51:10","guid":{"rendered":"https:\/\/www.europesays.com\/ee\/230193\/"},"modified":"2026-07-17T08:51:10","modified_gmt":"2026-07-17T08:51:10","slug":"leedus-algas-saksa-vagesid-voorustava-sojavaelinnaku-ehituse-uus-etapp-ehitustoid-teeb-eesti-ettevote","status":"publish","type":"post","link":"https:\/\/www.europesays.com\/ee\/230193\/","title":{"rendered":"Leedus algas Saksa v\u00e4gesid v\u00f5\u00f5rustava s\u00f5jav\u00e4elinnaku ehituse uus etapp. Ehitust\u00f6id teeb Eesti ettev\u00f5te"},"content":{"rendered":"<p>T\u00e4na k\u00fclastab peaminister Gintautas Paluckas R\u016bdninkai s\u00f5jav\u00e4elinnakut, kus k\u00e4ivad kiirendatud tempos ehitust\u00f6\u00f6d Saksa brigaadi paigutamiseks vajaliku infrastruktuuri rajamiseks.<\/p>\n<p>Valgevene piiri l\u00e4hedal asuv s\u00f5jav\u00e4elinnak on \u00fcks <a rel=\"noopener nofollow\" target=\"_blank\" href=\"https:\/\/www.delfi.ee\/teema\/28034759\/leedu\" tag-id=\"28034759\">Leedu<\/a> suurimaid kaitsetaristu projekte. Projekt on jagatud kolmeks osaks: \u00fche ehitusl\u00f5igu eest vastutab konsortsium Rudina, Eesti ehitusettev\u00f5te Merko on aga s\u00f5lminud lepingud kahe sektori rajamiseks, vahendab LRT.<\/p>\n<p>Leedu kaitseministeeriumi teatel h\u00f5lmab ehituse teine etapp kasarmuid, s\u00f5idukigaraa\u017ee, hooldust\u00f6\u00f6kodasid, toitlustusrajatisi, ladusid, staabihooneid, tanklaid ja paraadiv\u00e4ljakuid.<\/p>\n<p>Linnaku kogupindala ulatub ligikaudu 190 hektarini. Rajatav taristu peab mahutama umbes 5000 Saksa brigaadi s\u00f5durit, kes paiknevad seal alaliselt.<\/p>\n<p>P\u00e4rast Venemaa t\u00e4iemahulise sissetungi algust Ukrainasse on Leedu ja <a rel=\"noopener nofollow\" target=\"_blank\" href=\"https:\/\/www.delfi.ee\/teema\/23342327\/saksamaa\" tag-id=\"23342327\">Saksamaa<\/a> tugevdanud kaitsekoost\u00f6\u00f6d. Leedu valitsuse pressiteate kohaselt on Saksa brigaadi sujuv paigutamine ja integreerimine Leetu \u00fcks riigi olulisemaid kaitsepoliitilisi prioriteete.<\/p>\n<p>Kuidas see lugu Sind end tundma pani? Saada <a href=\"https:\/\/www.delfi.ee\/artikkel\/120597845\/leedus-algas-saksa-vagesid-voorustava-sojavaelinnaku-ehituse-uus-etapp-ehitustoid-teeb-eesti-ettevote\/kommentaarid\" class=\"article-body-bottom__comment article-body-bottom__comment--write button button--primary button--size-auto\" rel=\"nofollow noopener\" target=\"_blank\"> Kommenteeri <\/a><a href=\"https:\/\/www.delfi.ee\/artikkel\/120597845\/leedus-algas-saksa-vagesid-voorustava-sojavaelinnaku-ehituse-uus-etapp-ehitustoid-teeb-eesti-ettevote\/kommentaarid\" class=\"article-body-bottom__comment article-body-bottom__comment--read button button--size-auto\" rel=\"nofollow noopener\" target=\"_blank\"> Loe kommentaare <\/a><\/p>\n","protected":false},"excerpt":{"rendered":"T\u00e4na k\u00fclastab peaminister Gintautas Paluckas R\u016bdninkai s\u00f5jav\u00e4elinnakut, kus k\u00e4ivad kiirendatud tempos ehitust\u00f6\u00f6d Saksa brigaadi paigutamiseks vajaliku infrastruktuuri rajamiseks.&hellip;\n","protected":false},"author":2,"featured_media":230194,"comment_status":"","ping_status":"","sticky":false,"template":"","format":"standard","meta":{"footnotes":"","_share_on_mastodon":"0"},"categories":[14],"tags":[131,7824,130,37,33,35,34,36,115,51],"class_list":["post-230193","post","type-post","status-publish","format-standard","has-post-thumbnail","category-ari","tag-ari","tag-bundeswehr","tag-business","tag-ee","tag-eesti","tag-eesti-keel","tag-estonia","tag-estonian","tag-leedu","tag-saksamaa"],"share_on_mastodon":{"url":"https:\/\/pubeurope.com\/@ee\/116934468263951698","error":""},"_links":{"self":[{"href":"https:\/\/www.europesays.com\/ee\/wp-json\/wp\/v2\/posts\/230193","targetHints":{"allow":["GET"]}}],"collection":[{"href":"https:\/\/www.europesays.com\/ee\/wp-json\/wp\/v2\/posts"}],"about":[{"href":"https:\/\/www.europesays.com\/ee\/wp-json\/wp\/v2\/types\/post"}],"author":[{"embeddable":true,"href":"https:\/\/www.europesays.com\/ee\/wp-json\/wp\/v2\/users\/2"}],"replies":[{"embeddable":true,"href":"https:\/\/www.europesays.com\/ee\/wp-json\/wp\/v2\/comments?post=230193"}],"version-history":[{"count":0,"href":"https:\/\/www.europesays.com\/ee\/wp-json\/wp\/v2\/posts\/230193\/revisions"}],"wp:featuredmedia":[{"embeddable":true,"href":"https:\/\/www.europesays.com\/ee\/wp-json\/wp\/v2\/media\/230194"}],"wp:attachment":[{"href":"https:\/\/www.europesays.com\/ee\/wp-json\/wp\/v2\/media?parent=230193"}],"wp:term":[{"taxonomy":"category","embeddable":true,"href":"https:\/\/www.europesays.com\/ee\/wp-json\/wp\/v2\/categories?post=230193"},{"taxonomy":"post_tag","embeddable":true,"href":"https:\/\/www.europesays.com\/ee\/wp-json\/wp\/v2\/tags?post=230193"}],"curies":[{"name":"wp","href":"https:\/\/api.w.org\/{rel}","templated":true}]}}