{"id":230286,"date":"2026-07-17T10:54:08","date_gmt":"2026-07-17T10:54:08","guid":{"rendered":"https:\/\/www.europesays.com\/ee\/230286\/"},"modified":"2026-07-17T10:54:08","modified_gmt":"2026-07-17T10:54:08","slug":"levadia-paide-ja-kalju-edasipaasud-toid-klubidele-kokku-sisse-ule-miljoni-euro-postimees-sport","status":"publish","type":"post","link":"https:\/\/www.europesays.com\/ee\/230286\/","title":{"rendered":"Levadia, Paide ja Kalju edasip\u00e4\u00e4sud t\u00f5id klubidele kokku sisse \u00fcle miljoni euro &#8211; Postimees Sport"},"content":{"rendered":"<ol>\n<li><a href=\"https:\/\/news.google.com\/rss\/articles\/CBMiswFBVV95cUxOcXdlVTcySEl2ZjZtYW4wZ1VHOTVLV0pSSDFOYzV5Yjg0VmU5MDYxc0pSQ3psZ2gzZVdhQV9WOWRFMHlrSE1YUjVCQkhVbHZzREFuc1preGV3MmVZTFNlRERsQ2w1eXBjRXVHNl9YeTkwS0ZwOGRjaXNoaS02djZyN2FOZnp5MnhzRDFjc0VtY0hjR1BocERCRHhYMDdwU1NOU1ZfcXNFSG1jTGxkRnRQaE1oWQ?oc=5\" target=\"_blank\" rel=\"nofollow noopener\">Levadia, Paide ja Kalju edasip\u00e4\u00e4sud t\u00f5id klubidele kokku sisse \u00fcle miljoni euro<\/a>&nbsp;&nbsp;Postimees Sport<\/li>\n<li><a href=\"https:\/\/news.google.com\/rss\/articles\/CBMipgFBVV95cUxNckE4NGVIN3M1bWllNVpPM2ljNkhJd19qTXVMbml0cDh6N2ZyRjdwV25NelIxbTNqTGktU1o1dlQ5T0xZVTE3MHhIM3BQcUk0WW5OeFlzSmItZlFGYkN2Rl9xTnNwRjQ4QkpCRkIzSXowRDcxdVZxQUNLcWtaczM0d1lDcW9EUG1ROHB1bWhvWXBKMWZfOXd4OGcwOW5DdHhkTEJMdTlR?oc=5\" target=\"_blank\" rel=\"nofollow noopener\">Video: Levadia ja Caernarfoni f\u00e4nnide vahel l\u00e4ks l\u00f5puvile j\u00e4rel k\u00e4hmluseks<\/a>&nbsp;&nbsp;Soccernet.ee<\/li>\n<li><a href=\"https:\/\/news.google.com\/rss\/articles\/CBMirAFBVV95cUxNeVBXbmFGdEZ1dlc0N1daQnZOa1BmY2VkOExwQ0RYcjNVTU9CekhqWUlnQmV5Zy1Zc05Jaks1OW5qRVFlLXhDQnZrajlpVmpaLXAzQWNPR0ZFbnh3ZkV1VFIzMVNzeWl1bDkwem9vUzRJUElWWjdkRWY0LXlfUWViZU1uQXJsaDB5cGduVy1wUVV4WHYzS29OV3BQYm5DUEp6cjR6aExqWng5ZFdp?oc=5\" target=\"_blank\" rel=\"nofollow noopener\">Teistkordselt Walesi klubi p\u00f5rmustanud Levadia tegi eurosarjas ajalugu<\/a>&nbsp;&nbsp;\u00d5htuleht<\/li>\n<li><a href=\"https:\/\/news.google.com\/rss\/articles\/CBMi3wFBVV95cUxPUmVNNW9BSUhVb1pyNDRtYVdpc3BGU21lODhsNkEwOGlubVZxYnFhdTQzTlB4YVVKbmxRb0RLaktRd3prU0tHN2hSNExlN1ZNNk5STVZaUW9xNmFnOG9DVGJ6dXpZNEZFeFdtRzFhTnAyeWp1UjFKTVFpVGV4bGFpM1NrOFo1Z002RktocXRicUtuSndqS082VWtUdFFFcXdfbVpHanA2MkJ5d0xtVHpMZ2l1X1ppX3dmWV94QlFBUWg5R25yZWZ3SnpzQXVaN3J3eGlfQ20tcUVRZERuNE40?oc=5\" target=\"_blank\" rel=\"nofollow noopener\">V\u00f5idukad Paide, Levadia ja Kalju viisid k\u00f5ik suvise euroteenistuse 700 000 euroni, Florale j\u00e4\u00e4dakse veel alla<\/a>&nbsp;&nbsp;Delfi Sport<\/li>\n<li><a href=\"https:\/\/news.google.com\/rss\/articles\/CBMi1gFBVV95cUxNZkNsblo1Nl9DOFk3YW1xS1BSOENhVUkwaDVDNjliZWhDZVpMZE5FaTZBNS12NkVjM29CWDNVbFpPOFQxV05VTFV1dURxMUlEYlBURjhDWWZjOV9iSFBpdlE0Q2wxekhWUmlwdmVZcWp5dDFJc1k5YkhPQzFqVGFHNHdPZWl2bVZYZ1Bmdm1XRkhscEFlY1BrQ0NFbzlsM3RmZGZIeS1rcC0tMXVNcU5BSFlPY2lMUDNxMEpERUVZdFlMMllobGFWVHRQbFNSb3FFR2FLeXBB?oc=5\" target=\"_blank\" rel=\"nofollow noopener\">Levadia l\u00f5i Walesi klubi p\u00f5lvili. Zahovaiko: j\u00e4rgmisena ootab meid hoopis teine klass<\/a>&nbsp;&nbsp;Inbox.eu<\/li>\n<\/ol>\n","protected":false},"excerpt":{"rendered":"Levadia, Paide ja Kalju edasip\u00e4\u00e4sud t\u00f5id klubidele kokku sisse \u00fcle miljoni euro&nbsp;&nbsp;Postimees Sport Video: Levadia ja Caernarfoni f\u00e4nnide&hellip;\n","protected":false},"author":2,"featured_media":230287,"comment_status":"","ping_status":"","sticky":false,"template":"","format":"standard","meta":{"footnotes":"","_share_on_mastodon":"0"},"categories":[18],"tags":[92390,37,33,25288,35,34,36,92476,161,1572,7310,92474,1359,501,92475,159,158,92473,1345],"class_list":["post-230286","post","type-post","status-publish","format-standard","has-post-thumbnail","category-sport","tag-caernarfon-town","tag-ee","tag-eesti","tag-eesti-jalgpall","tag-eesti-keel","tag-estonia","tag-estonian","tag-eurosarjade-auhinnaraha","tag-fc-flora","tag-fci-levadia","tag-konverentsiliiga","tag-linfield-fc","tag-nomme-kalju","tag-paide-linnameeskond","tag-shelbourne-fc","tag-sport","tag-sports","tag-the-new-saints","tag-uefa"],"share_on_mastodon":{"url":"https:\/\/pubeurope.com\/@ee\/116934952211560666","error":""},"_links":{"self":[{"href":"https:\/\/www.europesays.com\/ee\/wp-json\/wp\/v2\/posts\/230286","targetHints":{"allow":["GET"]}}],"collection":[{"href":"https:\/\/www.europesays.com\/ee\/wp-json\/wp\/v2\/posts"}],"about":[{"href":"https:\/\/www.europesays.com\/ee\/wp-json\/wp\/v2\/types\/post"}],"author":[{"embeddable":true,"href":"https:\/\/www.europesays.com\/ee\/wp-json\/wp\/v2\/users\/2"}],"replies":[{"embeddable":true,"href":"https:\/\/www.europesays.com\/ee\/wp-json\/wp\/v2\/comments?post=230286"}],"version-history":[{"count":0,"href":"https:\/\/www.europesays.com\/ee\/wp-json\/wp\/v2\/posts\/230286\/revisions"}],"wp:featuredmedia":[{"embeddable":true,"href":"https:\/\/www.europesays.com\/ee\/wp-json\/wp\/v2\/media\/230287"}],"wp:attachment":[{"href":"https:\/\/www.europesays.com\/ee\/wp-json\/wp\/v2\/media?parent=230286"}],"wp:term":[{"taxonomy":"category","embeddable":true,"href":"https:\/\/www.europesays.com\/ee\/wp-json\/wp\/v2\/categories?post=230286"},{"taxonomy":"post_tag","embeddable":true,"href":"https:\/\/www.europesays.com\/ee\/wp-json\/wp\/v2\/tags?post=230286"}],"curies":[{"name":"wp","href":"https:\/\/api.w.org\/{rel}","templated":true}]}}