{"id":230316,"date":"2026-07-17T11:26:11","date_gmt":"2026-07-17T11:26:11","guid":{"rendered":"https:\/\/www.europesays.com\/ee\/230316\/"},"modified":"2026-07-17T11:26:11","modified_gmt":"2026-07-17T11:26:11","slug":"genka-sain-omal-ajal-palju-pahandada-et-ma-5miinusega-tegelen-raadio-2","status":"publish","type":"post","link":"https:\/\/www.europesays.com\/ee\/230316\/","title":{"rendered":"Genka: sain omal ajal palju pahandada, et ma 5miinusega tegelen | Raadio 2"},"content":{"rendered":"<p>5miinuse 10. tegutsemisaasta puhul meenutas Raadio 2 r\u00e4pp-ansambli algusaegu Genka, kes andis plaadifirma Legendaarne alt v\u00e4lja b\u00e4ndi kolm esimest kogumikku. Ta meenutas, et sai nendega koos t\u00f6\u00f6tamise eest pahandada, sest inimesed ei teadnud, millised inimesed muusika taga p\u00e4riselt on.<\/p>\n<p>Genka s\u00f5nul kohtus ta 5miinuse muusikaga esimest korda just Raadio 2 eetris. &#8220;Paul Oja ja DJ Questi saates oli k\u00fclas Reket, kes r\u00e4\u00e4kis, et tal on uued priimad poisid kuskilt V\u00f5sult, kes on tulemas. M\u00e4ngiti nende demo, mul j\u00e4i see kohe k\u00f5rva ja ise m\u00f5tlesin, et mul on vaja enda plaadifirma alla uusi n\u00e4gusid,&#8221; r\u00e4\u00e4kis ta.<\/p>\n<p>&#8220;Kui siiamaani olid Reketid, L\u00f5ustad ja k\u00f5ik, kes meil seal olid, juba natukene enne Legendaarsega liitumist midagi teinud, siis 5miinust olid t\u00e4iesti uued t\u00fc\u00fcbid ja ei teadnud keegi, kes nad on. Reket vist t\u00f6\u00f6tas koos Kohvriga reklaamib\u00fcroos ja ma kuidagi uurisin v\u00e4lja, kes nad on. M\u00e4letan, et Sinilinnus mingil peol saime kokku ja otsustasime, et teeme meie leibeli alt plaadi,&#8221; meenutas Genka, kes oli selleks hetkeks ainult \u00fchte lugu kuulnud.<\/p>\n<p>&#8220;Aga see kuidagi k\u00f5netas ja sain aru, et midagi seal on,&#8221; lisas ta. &#8220;Koread ma tegelikult teadsin varasemast, kui tal oli b\u00e4nd 615. Tema oli tegelikult vana tegija Eesti r\u00e4pimaastikul.&#8221;<\/p>\n<p>Hiljem, laiema edu saabudes liitus 5miinust Universal Music Estonia plaadim\u00e4rgiga. &#8220;Kohver \u00fctles mulle, et nad l\u00e4hevad proovivad korraks Universali alt teha &#8220;Alusp\u00fckste&#8221; soomekeelset versiooni ja Universal aitab neil Soome laieneda. Ma \u00fctlesin, et tavai, minge siis. Ja siis nad l\u00e4ksidki ja j\u00e4id,&#8221; t\u00f5des Genka, kes selleks hetkeks oli Legendaarse alt andnud v\u00e4lja juba kolm 5miinuse albumit. &#8220;See ongi tavaliselt maksimum.&#8221;<\/p>\n<p>&#8220;Eks nad ise liikusid ka muusikaliselt meinstriimi poole. Universal on ikkagi maailma tasemel plaadifirma ja nad tegid palju t\u00f6\u00f6d ka selleks, et neid hakataks raadios m\u00e4ngima. Legendaarne Recordsi artiste eriti palju kommertsraadiotes ei m\u00e4ngita. Universal oligi selliste artistide l\u00e4bil\u00fckkamiseks ehitatud. Ma arvan, et ma ei oleks kunagi andnud v\u00e4lja sellist lugu nagu &#8220;Paarist\u00f5uked&#8221;.&#8221;<\/p>\n<p>&#8220;Ma arvan, et nad v\u00e4sisid sellest tavaliselt r\u00e4pist \u00e4ra. Nad on ise ka r\u00e4\u00e4kinud, et kuulavad v\u00e4ga erinevat muusikat. L\u00f5puks nad lihtsalt l\u00f5butsed nagu k\u00f5ik teised,&#8221; lisas Genka.<\/p>\n<p>Koread peab Genka \u00fcheks Eesti parimaks s\u00f5naseadjaks. &#8220;Kohvril on selline hustler&#8217;i hing sees ja teised sobituvad ka sinna h\u00e4sti, t\u00e4iendavad. T\u00e4htis on see ka, et omal ajal sain h\u00e4sti palju ka mina pahandada, et miks ma tegelen mingite misog\u00fc\u00fcnsete narkomeestega. Tegelikult pole nad kunagi seda olnud. Nad on k\u00f5ik targad, mis on h\u00e4sti t\u00e4htis. Ei ole mingid lollid,&#8221; naeris Genka.<\/p>\n<p>&#8220;Nad teavad t\u00e4pselt, mida nad teevad ja kellele teevad. See on hea kombo,&#8221; t\u00f5des ta.<\/p>\n<p>Suursuguse s\u00fcnnip\u00e4eva valguses, mida t\u00e4histati nii 5miinuse postmargi kui ka n\u00e4itusega ERM-is, \u00fctles Genka, et Eesti raadiod ja inimesed v\u00f5iksid rohkem kuulata, mida Legendaarne Records neile r\u00e4\u00e4gib.<\/p>\n<p>&#8220;Me hakkame rahvana kuidagi alles hiljem neid asju kaifima. Oo, see on ikka kihvt. Siis tuleb meelde, kuidas sa ise aastak\u00fcmneid tagasi oled r\u00e4\u00e4kinud, et kamoon, kuulake, see on k\u00f5va asi. K\u00f5ik noogutavad kaasa ja k\u00fcmme aastat hiljem hakkab Sky neid m\u00e4ngima. Raiskame aega lihtsalt. Kuulake kohe, mis kor\u00fcfeed r\u00e4\u00e4givad.&#8221;<\/p>\n","protected":false},"excerpt":{"rendered":"5miinuse 10. tegutsemisaasta puhul meenutas Raadio 2 r\u00e4pp-ansambli algusaegu Genka, kes andis plaadifirma Legendaarne alt v\u00e4lja b\u00e4ndi kolm&hellip;\n","protected":false},"author":2,"featured_media":230317,"comment_status":"","ping_status":"","sticky":false,"template":"","format":"standard","meta":{"footnotes":"","_share_on_mastodon":"0"},"categories":[16],"tags":[708,37,33,35,173,34,36,2868,140],"class_list":["post-230316","post","type-post","status-publish","format-standard","has-post-thumbnail","category-meelelahutus","tag-5miinust","tag-ee","tag-eesti","tag-eesti-keel","tag-entertainment","tag-estonia","tag-estonian","tag-genka","tag-meelelahutus"],"share_on_mastodon":{"url":"https:\/\/pubeurope.com\/@ee\/116935077790677994","error":""},"_links":{"self":[{"href":"https:\/\/www.europesays.com\/ee\/wp-json\/wp\/v2\/posts\/230316","targetHints":{"allow":["GET"]}}],"collection":[{"href":"https:\/\/www.europesays.com\/ee\/wp-json\/wp\/v2\/posts"}],"about":[{"href":"https:\/\/www.europesays.com\/ee\/wp-json\/wp\/v2\/types\/post"}],"author":[{"embeddable":true,"href":"https:\/\/www.europesays.com\/ee\/wp-json\/wp\/v2\/users\/2"}],"replies":[{"embeddable":true,"href":"https:\/\/www.europesays.com\/ee\/wp-json\/wp\/v2\/comments?post=230316"}],"version-history":[{"count":0,"href":"https:\/\/www.europesays.com\/ee\/wp-json\/wp\/v2\/posts\/230316\/revisions"}],"wp:featuredmedia":[{"embeddable":true,"href":"https:\/\/www.europesays.com\/ee\/wp-json\/wp\/v2\/media\/230317"}],"wp:attachment":[{"href":"https:\/\/www.europesays.com\/ee\/wp-json\/wp\/v2\/media?parent=230316"}],"wp:term":[{"taxonomy":"category","embeddable":true,"href":"https:\/\/www.europesays.com\/ee\/wp-json\/wp\/v2\/categories?post=230316"},{"taxonomy":"post_tag","embeddable":true,"href":"https:\/\/www.europesays.com\/ee\/wp-json\/wp\/v2\/tags?post=230316"}],"curies":[{"name":"wp","href":"https:\/\/api.w.org\/{rel}","templated":true}]}}