{"id":230390,"date":"2026-07-17T12:46:12","date_gmt":"2026-07-17T12:46:12","guid":{"rendered":"https:\/\/www.europesays.com\/ee\/230390\/"},"modified":"2026-07-17T12:46:12","modified_gmt":"2026-07-17T12:46:12","slug":"hiina-usa-lopetagu-valimistesse-sekkumise-suudistused-ja-tehku-midagi-suhetele-kasulikku","status":"publish","type":"post","link":"https:\/\/www.europesays.com\/ee\/230390\/","title":{"rendered":"Hiina: USA l\u00f5petagu valimistesse sekkumise s\u00fc\u00fcdistused ja tehku midagi suhetele kasulikku"},"content":{"rendered":"<p>\u201eUSA k\u00f5nealused s\u00fc\u00fcdistused on t\u00e4ielikult fabritseeritud ja m\u00f5eldud Hiina mustamiseks,\u201c \u00fctles Hiina v\u00e4lisministeeriumi esindaja Lin Jian, vahendab Associated Press. \u201eMeil ei ole mingit huvi USA valimistesse sekkuda ja me ei ole seda kunagi teinud.\u201c<\/p>\n<p>Lin kutsus igap\u00e4evasel pressikonverentsil Pekingis USA-d l\u00f5petama alusetute s\u00fc\u00fcdistuste esitamist Hiinale.<\/p>\n<p>K\u00fcsimusele, kas see v\u00f5ib m\u00f5jutada Hiina juhi <a rel=\"noopener nofollow\" target=\"_blank\" href=\"https:\/\/www.delfi.ee\/teema\/64947984\/xi-jinping\" tag-id=\"64947984\">Xi Jinpingi<\/a> septembris oodatavad visiiti USA-sse, vastas Lin: \u201eNagu ma just \u00fctlesin, \u00f5hutame me USA-d l\u00f5petama Hiina jutuks v\u00f5tmist oma valimiste asjus ja tegema Hiina-USA suhetele midagi kasulikku.\u201c<\/p>\n<p>Kuidas see lugu Sind end tundma pani? Saada <a href=\"https:\/\/www.delfi.ee\/artikkel\/120597888\/hiina-usa-lopetagu-valimistesse-sekkumise-suudistused-ja-tehku-midagi-suhetele-kasulikku\/kommentaarid\" class=\"article-body-bottom__comment article-body-bottom__comment--write button button--primary button--size-auto\" rel=\"nofollow noopener\" target=\"_blank\"> Kommenteeri <\/a><a href=\"https:\/\/www.delfi.ee\/artikkel\/120597888\/hiina-usa-lopetagu-valimistesse-sekkumise-suudistused-ja-tehku-midagi-suhetele-kasulikku\/kommentaarid\" class=\"article-body-bottom__comment article-body-bottom__comment--read button button--size-auto\" rel=\"nofollow noopener\" target=\"_blank\"> Loe kommentaare (11)<\/a><\/p>\n","protected":false},"excerpt":{"rendered":"\u201eUSA k\u00f5nealused s\u00fc\u00fcdistused on t\u00e4ielikult fabritseeritud ja m\u00f5eldud Hiina mustamiseks,\u201c \u00fctles Hiina v\u00e4lisministeeriumi esindaja Lin Jian, vahendab Associated&hellip;\n","protected":false},"author":2,"featured_media":230391,"comment_status":"","ping_status":"","sticky":false,"template":"","format":"standard","meta":{"footnotes":"","_share_on_mastodon":"0"},"categories":[80],"tags":[26,27,324,37,33,35,34,36,31,32,21,326,28,29,95,19,7227,25,23,24,22,325,20,30,2405,92,93,94,327],"class_list":["post-230390","post","type-post","status-publish","format-standard","has-post-thumbnail","category-maailm","tag-breaking-news","tag-breakingnews","tag-donald-trump","tag-ee","tag-eesti","tag-eesti-keel","tag-estonia","tag-estonian","tag-featured-news","tag-featurednews","tag-headlines","tag-hiina","tag-latest-news","tag-latestnews","tag-maailm","tag-news","tag-peking","tag-populaarseimad-lood","tag-top-stories","tag-topstories","tag-uldised-uudised","tag-usa","tag-uudised","tag-viimased-uudised","tag-washington","tag-world","tag-world-news","tag-worldnews","tag-xi-jinping"],"share_on_mastodon":{"url":"https:\/\/pubeurope.com\/@ee\/116935392731643058","error":""},"_links":{"self":[{"href":"https:\/\/www.europesays.com\/ee\/wp-json\/wp\/v2\/posts\/230390","targetHints":{"allow":["GET"]}}],"collection":[{"href":"https:\/\/www.europesays.com\/ee\/wp-json\/wp\/v2\/posts"}],"about":[{"href":"https:\/\/www.europesays.com\/ee\/wp-json\/wp\/v2\/types\/post"}],"author":[{"embeddable":true,"href":"https:\/\/www.europesays.com\/ee\/wp-json\/wp\/v2\/users\/2"}],"replies":[{"embeddable":true,"href":"https:\/\/www.europesays.com\/ee\/wp-json\/wp\/v2\/comments?post=230390"}],"version-history":[{"count":0,"href":"https:\/\/www.europesays.com\/ee\/wp-json\/wp\/v2\/posts\/230390\/revisions"}],"wp:featuredmedia":[{"embeddable":true,"href":"https:\/\/www.europesays.com\/ee\/wp-json\/wp\/v2\/media\/230391"}],"wp:attachment":[{"href":"https:\/\/www.europesays.com\/ee\/wp-json\/wp\/v2\/media?parent=230390"}],"wp:term":[{"taxonomy":"category","embeddable":true,"href":"https:\/\/www.europesays.com\/ee\/wp-json\/wp\/v2\/categories?post=230390"},{"taxonomy":"post_tag","embeddable":true,"href":"https:\/\/www.europesays.com\/ee\/wp-json\/wp\/v2\/tags?post=230390"}],"curies":[{"name":"wp","href":"https:\/\/api.w.org\/{rel}","templated":true}]}}