{"id":230459,"date":"2026-07-17T14:12:16","date_gmt":"2026-07-17T14:12:16","guid":{"rendered":"https:\/\/www.europesays.com\/ee\/230459\/"},"modified":"2026-07-17T14:12:16","modified_gmt":"2026-07-17T14:12:16","slug":"paevahoroskoop-%e2%9f%a9-17-juuli-jaarade-tahelepanu-koondub-asjalikele-argitoimetustele-kaksikute-fookus-poordub-koduseinte-vahele","status":"publish","type":"post","link":"https:\/\/www.europesays.com\/ee\/230459\/","title":{"rendered":"P\u00c4EVAHOROSKOOP \u27e9 17. juuli: J\u00e4\u00e4rade t\u00e4helepanu koondub asjalikele argitoimetustele, Kaksikute fookus p\u00f6\u00f6rdub koduseinte vahele"},"content":{"rendered":"<p>T\u00e4helepanu koondub asjalikele argitoimetustele. Sorteeri oma asju, tee korda t\u00f6\u00f6laud ja p\u00f6\u00f6ra t\u00e4helepanu kehalisele heaolule.<\/p>\n<p>Sinu armuellu sigineb suur annus p\u00fchendumist ja praktilist ilu. V\u00e4ljenda oma tundeid l\u00e4bi reaalsete ja hoolitsevate tegude.<\/p>\n<p>Fookus p\u00f6\u00f6rdub koduseinte vahele. Suurep\u00e4rane aeg elamise korrastamiseks, suurpuhastuseks ja praktiliseks hoolitsuseks pere eest.<\/p>\n<p>M\u00f5tted ja s\u00f5nad muutuvad selgeks, detailseks ja t\u00e4pseks. Olulised kohtumised l\u00e4hiringis v\u00f5i kirjavahetus toovad soovitud infot.<\/p>\n<p>Finantsasjades saabub aeg teha ratsionaalseid ja edasiviivaid otsuseid. Sinu tulud ja kulud vajavad tarka ja anal\u00fc\u00fctilist pilku.<\/p>\n<p>Kuu liigub Neitsi m\u00e4rgis. Sinu isiklik sarm, korraarmastus ja praktiline veetlus l\u00f6\u00f6vad \u00f5itsele. Hellita end ja seisa oma vajaduste eest.<\/p>\n<p>Hing igatseb rahu, vaikust ja privaatsust. Sinu tundemaailm vajab anal\u00fc\u00fcsiaega, et puhastuda vanast ja toimida asjalikumalt.<\/p>\n<p>S\u00f5brad ja m\u00f5ttekaaslased toovad sinu p\u00e4eva praktilist tuge. P\u00fchendu \u00fchistele tulevikuplaanidele suurema hoole ja t\u00e4psusega.<\/p>\n<p>Pikaajalised sihid saavad meeldiva ja asjaliku t\u00f5uke. Sinu professionaalsus ja korrektsus tagavad teenitud edu ja tunnustuse.<\/p>\n<p>\u00d5pingud saavad asjalikku ja praktilist toetust. Ideaalne aeg uute ja kasulike teadmiste omandamiseks ning tulevaste sihtide seadmiseks.<\/p>\n<p>Esile kerkivad \u00fchise vara ja emotsionaalsete kohustuste teemad. Suudad keerulised k\u00fcsimused lahendada rahuliku ja asjaliku anal\u00fc\u00fcsiv\u00f5ime abil.<\/p>\n<p>Partnerlussuhted t\u00e4ituvad p\u00fchendunud, asjaliku ja sooja t\u00e4helepanuga. On sobiv hetk luua suhetesse harmooniat ja tugevdada \u00fchist praktilist alust.<\/p>\n","protected":false},"excerpt":{"rendered":"T\u00e4helepanu koondub asjalikele argitoimetustele. Sorteeri oma asju, tee korda t\u00f6\u00f6laud ja p\u00f6\u00f6ra t\u00e4helepanu kehalisele heaolule. Sinu armuellu sigineb&hellip;\n","protected":false},"author":2,"featured_media":230460,"comment_status":"","ping_status":"","sticky":false,"template":"","format":"standard","meta":{"footnotes":"","_share_on_mastodon":"0"},"categories":[16],"tags":[19497,37,33,35,173,34,36,19493,19496,9135,6558,9138,19494,140,19495,9137,9136,14865,4194,9139],"class_list":["post-230459","post","type-post","status-publish","format-standard","has-post-thumbnail","category-meelelahutus","tag-ambur","tag-ee","tag-eesti","tag-eesti-keel","tag-entertainment","tag-estonia","tag-estonian","tag-jaar","tag-kaalud","tag-kaksikud","tag-kalad","tag-kaljukits","tag-lovi","tag-meelelahutus","tag-neitsi","tag-skorpion","tag-sonn","tag-uraan","tag-vahk","tag-veevalaja"],"share_on_mastodon":{"url":"https:\/\/pubeurope.com\/@ee\/116935730556790556","error":""},"_links":{"self":[{"href":"https:\/\/www.europesays.com\/ee\/wp-json\/wp\/v2\/posts\/230459","targetHints":{"allow":["GET"]}}],"collection":[{"href":"https:\/\/www.europesays.com\/ee\/wp-json\/wp\/v2\/posts"}],"about":[{"href":"https:\/\/www.europesays.com\/ee\/wp-json\/wp\/v2\/types\/post"}],"author":[{"embeddable":true,"href":"https:\/\/www.europesays.com\/ee\/wp-json\/wp\/v2\/users\/2"}],"replies":[{"embeddable":true,"href":"https:\/\/www.europesays.com\/ee\/wp-json\/wp\/v2\/comments?post=230459"}],"version-history":[{"count":0,"href":"https:\/\/www.europesays.com\/ee\/wp-json\/wp\/v2\/posts\/230459\/revisions"}],"wp:featuredmedia":[{"embeddable":true,"href":"https:\/\/www.europesays.com\/ee\/wp-json\/wp\/v2\/media\/230460"}],"wp:attachment":[{"href":"https:\/\/www.europesays.com\/ee\/wp-json\/wp\/v2\/media?parent=230459"}],"wp:term":[{"taxonomy":"category","embeddable":true,"href":"https:\/\/www.europesays.com\/ee\/wp-json\/wp\/v2\/categories?post=230459"},{"taxonomy":"post_tag","embeddable":true,"href":"https:\/\/www.europesays.com\/ee\/wp-json\/wp\/v2\/tags?post=230459"}],"curies":[{"name":"wp","href":"https:\/\/api.w.org\/{rel}","templated":true}]}}