{"id":230481,"date":"2026-07-17T14:49:35","date_gmt":"2026-07-17T14:49:35","guid":{"rendered":"https:\/\/www.europesays.com\/ee\/230481\/"},"modified":"2026-07-17T14:49:35","modified_gmt":"2026-07-17T14:49:35","slug":"kati-rostfeldt-jaatmereformi-tegelik-hind-alles-selgub-arvamus","status":"publish","type":"post","link":"https:\/\/www.europesays.com\/ee\/230481\/","title":{"rendered":"Kati Rostfeldt: j\u00e4\u00e4tmereformi tegelik hind alles selgub | Arvamus"},"content":{"rendered":"<p>1. juulil sai l\u00e4bi j\u00e4\u00e4tmereformi lubaduste ajastu ja algas k\u00f5rgemate arvete ajastu. Laiema t\u00e4helepanuta on seni j\u00e4\u00e4nud, et suuremad arved ei puuduta \u00fcksnes eraisikuid, vaid ka ettev\u00f5tteid, kirjutab Kati Rostfeldt.<\/p>\n<p>Uue j\u00e4\u00e4tmeseadusega kallines segaolmej\u00e4\u00e4tmete vedu mitmes omavalitsuses j\u00e4rsult. Tallinnas t\u00f5usis hind keskmiselt 63 protsenti, Kohtla-J\u00e4rvel kallineb segaolmej\u00e4\u00e4tmete k\u00e4itlemine ligi kolm korda ning mujalgi kandub riiklik saastetasu muutus pr\u00fcgiveo ja j\u00e4\u00e4tmek\u00e4itluse arvetesse.<\/p>\n<p>Oluline on seejuures detail, mis avalikus arutelus on seni j\u00e4\u00e4nud pigem tagaplaanile. Nimelt ei puuduta ainult eraisikuid. Saastetasu ei rakendu otse kodumajapidamisele ega ettev\u00f5ttele, vaid j\u00e4\u00e4tmeid p\u00f5letavale v\u00f5i ladestavale k\u00e4itlejale. Kui ettev\u00f5tete kulu kasvab, j\u00f5uab see teenuste ja toodete hindadesse.<\/p>\n<p>Riigi s\u00f5num oli, et reform hindu ei t\u00f5sta<\/p>\n<p>Kliimaministeeriumi s\u00f5numid on olnud kaks aastat j\u00e4rjepidevalt \u00fchesugused. 2024. aasta kevadel kinnitati, et sorteerivale inimesele ei t\u00e4henda reform suurt hinnat\u00f5usu ning sorteerija arve saab olema keskmiselt kolm kuni viis eurot leibkonna kohta kuus. 2025. aasta novembris avaldas ministeerium eraldi m\u00fc\u00fcdimurdmise materjali, milles l\u00fckati tagasi v\u00e4ide, et j\u00e4\u00e4tmereform v\u00f5iks t\u00f5sta hindu.<\/p>\n<p>Detsembris, vahetult enne seaduse l\u00f5plikku vastuv\u00f5tmist riigikogus,<a href=\"https:\/\/www.err.ee\/1609879846\/jaatmereform-tekitab-jatkuvalt-tulist-arutelu-ministeeriumi-ja-turuosaliste-vahel\" target=\"_blank\" rel=\"noopener nofollow\"> \u00fctles kliimaministeeriumi asekantsler Ivo Jaanisoo riigieelarve kontrolli erikomisjoni arutelul<\/a>, et \u00fchiskonna kogukulu p\u00e4rast j\u00e4\u00e4tmereformi ei muutu, s\u00fcsteemis on lihtsalt palju ebaefektiivsust, mis reformi k\u00e4igus kaob.<\/p>\n<p>Ettev\u00f5tlusorganisatsioonid \u2013 Eesti Toiduainet\u00f6\u00f6stuse Liit, Eesti Ringmajandusettev\u00f5tete Liit ja Eesti T\u00f6\u00f6andjate Keskliit \u2013<a href=\"https:\/\/www.err.ee\/1609869483\/tooandjate-keskliit-ja-teised-liidud-vaidlevad-ministeeriumiga-jaatmereformi-ule\" target=\"_blank\" rel=\"noopener nofollow\"> hoiatasid samal ajal<\/a>, et reform siiski t\u00f5stab j\u00e4\u00e4tmek\u00e4itluse kulusid, suurendab ettev\u00f5tete kulukoormust ning kandub edasi teenuste ja kaupade hindadesse.<\/p>\n<p>Sorteerija maksab v\u00e4hem, aga ikkagi senisest rohkem<\/p>\n<p><a href=\"https:\/\/www.err.ee\/1610066257\/segaolmejaatmete-vedu-muutub-1-juulist-inimestele-kuni-poole-kallimaks\" target=\"_blank\" rel=\"noopener nofollow\">1. juulil j\u00f5ustus keskkonnatasude muudatus<\/a>, millega kehtestati segaolmej\u00e4\u00e4tmete p\u00f5letus-ja ladestustasudele k\u00f5rgemad hinnad. J\u00e4\u00e4tmevedajad ja -k\u00e4itlejad ei maksa seda abstraktsest rahakotist. See kulu kandub otse teenuse hinda ja sealt edasi j\u00e4\u00e4tmetekitajani.<\/p>\n<p>Omavalitsused, kellele reform paneb suure rakendamiskoormuse, sattusid avalikkuse ees hinnat\u00f5usu teavitaja rolli otsuse eest, mille tegi riik. Hinnamuutus ei tulene omavalitsuste otsusest, vaid riikliku saastetasu suurenemisest.<\/p>\n<p>T\u00e4helepanuv\u00e4\u00e4rne on seegi, et kallineb mitte ainult sortimata pr\u00fcgi. Tallinnas t\u00f5usis n\u00e4iteks ka bioj\u00e4\u00e4tmete mahuti t\u00fchjendamise hind. See ei t\u00e4henda, et sorteerimine poleks vajalik, liigiti kogumine peabki olema odavam kui k\u00f5ige p\u00f5letusahju v\u00f5i pr\u00fcgilasse saatmine.<\/p>\n<p>Aga loosung &#8220;kes sorteerib, maksab v\u00e4hem&#8221; on siin suhteline, mitte absoluutne t\u00f5de. Sorteerija maksab v\u00e4hem kui mittesorteerija, kuid hakkab seaduse rakendumisel siiski maksma kokkuv\u00f5ttes rohkem kui enne. Avalikkusele j\u00e4i ootus, et reform ei too tuntavat hinnat\u00f5usu. Juulikuu arved n\u00e4itavad \u00fcsna pea aga midagi muud.<\/p>\n<p>Rohep\u00f6\u00f6rde k\u00f5ige kallim ressurss on usaldus, kuid kui inimestele ja ettev\u00f5tetele \u00f6eldakse \u00fcht, aga arved n\u00e4itavad teist, kaob see usaldus kiiresti.<\/p>\n<p>Ettev\u00f5tete kasvavad kulud maksab kinni tarbija<\/p>\n<p>Ettev\u00f5tete jaoks on 1. juuli alles esimene laine.<\/p>\n<p>&#8220;Ehitus- ja suurj\u00e4\u00e4tmete kallinemine m\u00f5jutab omakorda iga ettev\u00f5tet, kes renoveerib, laiendab v\u00f5i lammutab.&#8221;<\/p>\n<p>Esiteks t\u00e4hendab see otsest kulukasvu. Tonnip\u00f5hine saastetasu ei tee p\u00f5him\u00f5ttelist vahet kodumajapidamisel ja ettev\u00f5ttel. Seal, kus segaolmej\u00e4\u00e4tmete v\u00f5i k\u00e4itlusj\u00e4\u00e4kide osakaal on suur, suureneb ka j\u00e4\u00e4tmek\u00e4itluse kulu. See puudutab n\u00e4iteks kaubandust, toitlustust, majutust, tootmist, kinnisvarahaldust ja ehitussektorit. Ehitus- ja suurj\u00e4\u00e4tmete kallinemine m\u00f5jutab omakorda iga ettev\u00f5tet, kes renoveerib, laiendab v\u00f5i lammutab.<\/p>\n<p>Teiseks kasvavad pakenditega seotud kulud. Ettev\u00f5tlusorganisatsioonide hinnangul kasvavad uue seaduse alusel pakendik\u00e4itluse kulud kordades. Ministeeriumi k\u00e4sitluse kohaselt katavad seaduses fikseeritud hinnapiirist \u00fclej\u00e4\u00e4nud kulud tootjavastutusorganisatsioonid, teisis\u00f5nu tootjad. Need kulud j\u00f5uavad paratamatult tootjavastutuse kaudu ettev\u00f5tete ja l\u00f5puks tarbijate rahakotti.<\/p>\n<p>Kolmandaks, lepinguline suhe joonistatakse \u00fcmber. Seni oli ettev\u00f5tte j\u00e4\u00e4tmeleping kahepoolne kokkulepe vedajaga. Reformi j\u00e4rel hakkab arve tulema hoopis omavalitsuselt: seadus l\u00f5i mudeli, kus kohalik omavalitsus (KOV) kogub j\u00e4\u00e4tmeveo teenustasu ise, peab j\u00e4\u00e4tmevaldajate \u00fcle arvestust ja kehtestab hinna. Sellele tasule v\u00f5ib lisanduda ettev\u00f5tte arvele uus kulurida, eraldi komponent omavalitsuse j\u00e4\u00e4tmehoolduskulude katteks.<\/p>\n<p>Mitmes omavalitsuses tegutseva ettev\u00f5tte jaoks t\u00e4hendab see kirjut pilti eri lepingupartneritest, hinnamudelitest ja \u00fcleminekut\u00e4htaegadest, sest iga KOV otsustab korralduse ise ja muutus j\u00f5uab kohale tema hankekalendri r\u00fctmis.<\/p>\n<p>\u00d5ige eesm\u00e4rk ei \u00f5igusta l\u00e4bim\u00f5tlematut reformi<\/p>\n<p>J\u00e4\u00e4tmereform on olnud vajalik ja ka eesm\u00e4rk on olnud \u00f5ige. Eesti peab suunama rohkem materjali p\u00f5letamise ja ladestamise asemel tagasi majandusse. Ressursitootlikkuselt oleme Euroopa Liidus endiselt tagumises otsas ning ringmajandus v\u00f5iks olla \u00fcks osa Eesti t\u00f6\u00f6stuse konkurentsiv\u00f5imest. T\u00f6\u00f6andjad toetavad eesm\u00e4rki, et v\u00e4\u00e4rtust omavatest j\u00e4\u00e4tmetest saaks toore, mitte kulu, aga \u00f5ige eesm\u00e4rk ei \u00f5igusta ebaselget kobarreformi ega selle l\u00e4bim\u00f5tlemata rakendamist.<\/p>\n<p>J\u00e4\u00e4tmereform saab \u00f5nnestuda ainult siis, kui inimesed, ettev\u00f5tted ja omavalitsused usuvad, et s\u00fcsteem on l\u00e4bim\u00f5eldud ja arusaadav. Juulikuu arved saavad olema esimene indikatsioon, et selle usu taastamisega tuleb alustada kohe.\u00a0<\/p>\n","protected":false},"excerpt":{"rendered":"1. juulil sai l\u00e4bi j\u00e4\u00e4tmereformi lubaduste ajastu ja algas k\u00f5rgemate arvete ajastu. Laiema t\u00e4helepanuta on seni j\u00e4\u00e4nud, et&hellip;\n","protected":false},"author":2,"featured_media":230482,"comment_status":"","ping_status":"","sticky":false,"template":"","format":"standard","meta":{"footnotes":"","_share_on_mastodon":"0"},"categories":[12],"tags":[26,27,37,33,35,5619,34,36,31,32,21,9896,10996,10994,10262,92545,3081,4080,28,29,19,25,23,24,22,20,30],"class_list":["post-230481","post","type-post","status-publish","format-standard","has-post-thumbnail","category-eesti","tag-breaking-news","tag-breakingnews","tag-ee","tag-eesti","tag-eesti-keel","tag-eesti-tooandjate-keskliit","tag-estonia","tag-estonian","tag-featured-news","tag-featurednews","tag-headlines","tag-jaatmed","tag-jaatmereform","tag-jaatmeseadus","tag-jaatmevedu","tag-kati-rostfeldt","tag-kliimaministeerium","tag-kohalikud-omavalitsused","tag-latest-news","tag-latestnews","tag-news","tag-populaarseimad-lood","tag-top-stories","tag-topstories","tag-uldised-uudised","tag-uudised","tag-viimased-uudised"],"share_on_mastodon":{"url":"https:\/\/pubeurope.com\/@ee\/116935875794883987","error":""},"_links":{"self":[{"href":"https:\/\/www.europesays.com\/ee\/wp-json\/wp\/v2\/posts\/230481","targetHints":{"allow":["GET"]}}],"collection":[{"href":"https:\/\/www.europesays.com\/ee\/wp-json\/wp\/v2\/posts"}],"about":[{"href":"https:\/\/www.europesays.com\/ee\/wp-json\/wp\/v2\/types\/post"}],"author":[{"embeddable":true,"href":"https:\/\/www.europesays.com\/ee\/wp-json\/wp\/v2\/users\/2"}],"replies":[{"embeddable":true,"href":"https:\/\/www.europesays.com\/ee\/wp-json\/wp\/v2\/comments?post=230481"}],"version-history":[{"count":0,"href":"https:\/\/www.europesays.com\/ee\/wp-json\/wp\/v2\/posts\/230481\/revisions"}],"wp:featuredmedia":[{"embeddable":true,"href":"https:\/\/www.europesays.com\/ee\/wp-json\/wp\/v2\/media\/230482"}],"wp:attachment":[{"href":"https:\/\/www.europesays.com\/ee\/wp-json\/wp\/v2\/media?parent=230481"}],"wp:term":[{"taxonomy":"category","embeddable":true,"href":"https:\/\/www.europesays.com\/ee\/wp-json\/wp\/v2\/categories?post=230481"},{"taxonomy":"post_tag","embeddable":true,"href":"https:\/\/www.europesays.com\/ee\/wp-json\/wp\/v2\/tags?post=230481"}],"curies":[{"name":"wp","href":"https:\/\/api.w.org\/{rel}","templated":true}]}}