{"id":230490,"date":"2026-07-17T15:18:26","date_gmt":"2026-07-17T15:18:26","guid":{"rendered":"https:\/\/www.europesays.com\/ee\/230490\/"},"modified":"2026-07-17T15:18:26","modified_gmt":"2026-07-17T15:18:26","slug":"fotod-merle-jaager-tormilisest-nooruspolvest-emajoe-ateenas-pidasime-rajusid-pidusid","status":"publish","type":"post","link":"https:\/\/www.europesays.com\/ee\/230490\/","title":{"rendered":"FOTOD | Merle J\u00e4\u00e4ger tormilisest noorusp\u00f5lvest Emaj\u00f5e Ateenas: pidasime rajusid pidusid"},"content":{"rendered":"<p>Kui Tartu oskaks r\u00e4\u00e4kida, jutustaks ta lugusid, millest paljude peategelane on Merle J\u00e4\u00e4ger (60). Tallinnas s\u00fcndinud ja kasvanud Merca kolis Tartusse p\u00e4rast lavaka l\u00f5petamist ja on sellest ajast saadik elanud siin, gaas p\u00f5hjas. Ta on nautinud olenguid Toomem\u00e4el, vaikusehetki Emaj\u00f5e kaldal, armunud ja l\u00e4inud lahku, loonud rolle ning kirjutanud nii eesti kui ka seto keeles (luule)raamatuid, mis on pugenud eestlaste s\u00fcdamesse.<\/p>\n<p>Merca jaoks \u00fcks meeldej\u00e4\u00e4vamaid seiku toimus 1990ndatel, kui ta ootas t\u00fctar Odet. Toona asus naisten\u00f5uandla Toomem\u00e4el majas, mille asemel on n\u00fc\u00fcd korterelamud. Rasedus ei v\u00f5tnud tormakal Mercal sugugi hoogu maha. Vastupidi, seiklused j\u00e4tkusid ja ta v\u00f5ttis osa isegi kummipaadimatkast. \u201eArst k\u00fcsis minu k\u00e4est, ega ma ometi ise ei aerutanud. Vastasin, et muidugi aerutasin,\u201c naerab Merca.<\/p>\n<p>Oled juba tellija?Logi sisse<\/p>\n","protected":false},"excerpt":{"rendered":"Kui Tartu oskaks r\u00e4\u00e4kida, jutustaks ta lugusid, millest paljude peategelane on Merle J\u00e4\u00e4ger (60). Tallinnas s\u00fcndinud ja kasvanud&hellip;\n","protected":false},"author":2,"featured_media":230491,"comment_status":"","ping_status":"","sticky":false,"template":"","format":"standard","meta":{"footnotes":"","_share_on_mastodon":"0"},"categories":[16],"tags":[37,33,35,591,173,34,36,92547,140,13235,9538],"class_list":["post-230490","post","type-post","status-publish","format-standard","has-post-thumbnail","category-meelelahutus","tag-ee","tag-eesti","tag-eesti-keel","tag-emajogi","tag-entertainment","tag-estonia","tag-estonian","tag-illegaard","tag-meelelahutus","tag-merle-jaager","tag-toomemagi"],"share_on_mastodon":{"url":"https:\/\/pubeurope.com\/@ee\/116935990028033013","error":""},"_links":{"self":[{"href":"https:\/\/www.europesays.com\/ee\/wp-json\/wp\/v2\/posts\/230490","targetHints":{"allow":["GET"]}}],"collection":[{"href":"https:\/\/www.europesays.com\/ee\/wp-json\/wp\/v2\/posts"}],"about":[{"href":"https:\/\/www.europesays.com\/ee\/wp-json\/wp\/v2\/types\/post"}],"author":[{"embeddable":true,"href":"https:\/\/www.europesays.com\/ee\/wp-json\/wp\/v2\/users\/2"}],"replies":[{"embeddable":true,"href":"https:\/\/www.europesays.com\/ee\/wp-json\/wp\/v2\/comments?post=230490"}],"version-history":[{"count":0,"href":"https:\/\/www.europesays.com\/ee\/wp-json\/wp\/v2\/posts\/230490\/revisions"}],"wp:featuredmedia":[{"embeddable":true,"href":"https:\/\/www.europesays.com\/ee\/wp-json\/wp\/v2\/media\/230491"}],"wp:attachment":[{"href":"https:\/\/www.europesays.com\/ee\/wp-json\/wp\/v2\/media?parent=230490"}],"wp:term":[{"taxonomy":"category","embeddable":true,"href":"https:\/\/www.europesays.com\/ee\/wp-json\/wp\/v2\/categories?post=230490"},{"taxonomy":"post_tag","embeddable":true,"href":"https:\/\/www.europesays.com\/ee\/wp-json\/wp\/v2\/tags?post=230490"}],"curies":[{"name":"wp","href":"https:\/\/api.w.org\/{rel}","templated":true}]}}