{"id":230543,"date":"2026-07-17T16:29:08","date_gmt":"2026-07-17T16:29:08","guid":{"rendered":"https:\/\/www.europesays.com\/ee\/230543\/"},"modified":"2026-07-17T16:29:08","modified_gmt":"2026-07-17T16:29:08","slug":"5miinuse-juubelikontserdi-hinnapoliitika-kui-palju-maksab-keelemarjuke-mis-hinnaga-saab-kohu-tais-kroonika","status":"publish","type":"post","link":"https:\/\/www.europesays.com\/ee\/230543\/","title":{"rendered":"5Miinuse juubelikontserdi hinnapoliitika. Kui palju maksab keelem\u00e4rjuke? Mis hinnaga saab k\u00f5hu t\u00e4is? &#8211; Kroonika"},"content":{"rendered":"<ol>\n<li><a href=\"https:\/\/news.google.com\/rss\/articles\/CBMi2gFBVV95cUxPdk9uQ3R1eHlWWjZrRGhDVTItZ1BFdFVfTkpHbnNGLVVsQW9mZThKRnhnT3RVMFZvMGpxV25hZGxuekU1d29QdC15RzlhOXFaUlZ5cWUxR2RDSlFHTUNGU1VsRFlhN01ZVy1MRTJLZTRlQ0t4UkNMajVjUHpmUEw4T2JqRXV4UzdtckhhV3djNFJvN2pveTd1UHJmakxYSjJuTk9iVVFmX3ZESjR1LUtNUWNTMjduVE90T1Z5a0x6RjQwWTdMZTZEeWFSdEg2N0h4V2RoMkEzQnB5QQ?oc=5\" target=\"_blank\" rel=\"nofollow noopener\">5Miinuse juubelikontserdi hinnapoliitika. Kui palju maksab keelem\u00e4rjuke? Mis hinnaga saab k\u00f5hu t\u00e4is?<\/a>&nbsp;&nbsp;Kroonika<\/li>\n<li><a href=\"https:\/\/news.google.com\/rss\/articles\/CBMi6AFBVV95cUxNNHQzMEFsV085TjZya09WU1RMT0RWOFZ6NVVyTGRZUVpVRU1WR2YwRVhiOE1xdkU5Z2IyOHJUUmRQaVdqQWVfSGVzM3k1QnhLSjhqSng2V3hhdm1wSk9MUlNMUDFQZ1MyLVI3VEZXaU5LVmtPcmoxNFRCSjFRYjhGTlJNTGxLR1RGVU5lekl2d2xzc2Z0c2FwRTZ5dkhKbjl0eVZyaFpjb19qaTJ0MURwUTA0bUJoZDQ1cmtQSHU1Q2MxdG9EX1hpdTRMa0lGOGdJZU9jYnlqLUFEempUNElHR09nQktFaWdY?oc=5\" target=\"_blank\" rel=\"nofollow noopener\">OTSEBLOGI | T\u00e4na \u00f5htul l\u00e4heb suureks peoks! Vaata, kes saabuvad Tartu lauluv\u00e4ljakule 5Miinuse juubelikontserdile<\/a>&nbsp;&nbsp;Kroonika<\/li>\n<li><a href=\"https:\/\/news.google.com\/rss\/articles\/CBMi7AFBVV95cUxPSUN3eGIwcE5xNzVGdEE5N2ViR1FOUnhfNlZrSy1NYnFsbDRIa0NkUllBUVA5WVJUMkxuY29tMzhSb2pHZ21peWViRlZlaHNmd0dLeTY2aDFXb21kX0RvYUozOFMxcFBEeXdrd2VXSml0d21UdmVLUzhqd2VFUHdtVjBvU0IteFV1dTBFR2ZrNGdncDl0VjJ6X1A2WDRUdWdMR05Eb1ZfTG1kYVJJUjFOZ2NjYnhLQ0FZSnRKdHJ1UUpEYlJIMkxKSlJEQlpQZE16enY5RlJCSUQ1eE5RckhXYnJjWkhKcnNYbUtkOA?oc=5\" target=\"_blank\" rel=\"nofollow noopener\">GALERII JA REPORTAA\u017d | 5MIINUSE liikmed: meil oli kokku lepitud, et Pavel tuleb ja laulab juubelikontserdil m\u00f5ned refr\u00e4\u00e4nid\u2026<\/a>&nbsp;&nbsp;\u00d5htuleht<\/li>\n<li><a href=\"https:\/\/news.google.com\/rss\/articles\/CBMivgFBVV95cUxNbXFEZGxlbzZBbDdNSnFnWFg2N29SRWJwRmZrX2JqdUVDZ251RmNOU0xnOWVweGk0eXEwcktWMFdiMHBKSW9OWkJhM2NSMWFBLVhNVzN4bGRCeWRkUVdzemFDZEpjWVpxVm9MN2V1bkJmNlFZTXN5b2ZhNlhZOHhLVmdDVjFwd3lBbC16WjdaRlU1c2pVSzc5TjhLcDViSXBEdjRPREtxWkIwa2J3MkJGaGhzbHZ3VWVUOE5YUHhR?oc=5\" target=\"_blank\" rel=\"nofollow noopener\">FOTOD | \u201eLolle k\u00fcsimusi ei ole.\u201c 5Miinust kohtus Tartu vestlus\u00f5htul f\u00e4nnidega<\/a>&nbsp;&nbsp;Kroonika<\/li>\n<\/ol>\n","protected":false},"excerpt":{"rendered":"5Miinuse juubelikontserdi hinnapoliitika. Kui palju maksab keelem\u00e4rjuke? Mis hinnaga saab k\u00f5hu t\u00e4is?&nbsp;&nbsp;Kroonika OTSEBLOGI | T\u00e4na \u00f5htul l\u00e4heb suureks&hellip;\n","protected":false},"author":2,"featured_media":230544,"comment_status":"","ping_status":"","sticky":false,"template":"","format":"standard","meta":{"footnotes":"","_share_on_mastodon":"0"},"categories":[5],"tags":[708,26,27,37,33,35,34,36,31,32,21,28,29,19,25,23,24,22,20,30],"class_list":["post-230543","post","type-post","status-publish","format-standard","has-post-thumbnail","category-uldised-uudised","tag-5miinust","tag-breaking-news","tag-breakingnews","tag-ee","tag-eesti","tag-eesti-keel","tag-estonia","tag-estonian","tag-featured-news","tag-featurednews","tag-headlines","tag-latest-news","tag-latestnews","tag-news","tag-populaarseimad-lood","tag-top-stories","tag-topstories","tag-uldised-uudised","tag-uudised","tag-viimased-uudised"],"share_on_mastodon":{"url":"https:\/\/pubeurope.com\/@ee\/116936269297340457","error":""},"_links":{"self":[{"href":"https:\/\/www.europesays.com\/ee\/wp-json\/wp\/v2\/posts\/230543","targetHints":{"allow":["GET"]}}],"collection":[{"href":"https:\/\/www.europesays.com\/ee\/wp-json\/wp\/v2\/posts"}],"about":[{"href":"https:\/\/www.europesays.com\/ee\/wp-json\/wp\/v2\/types\/post"}],"author":[{"embeddable":true,"href":"https:\/\/www.europesays.com\/ee\/wp-json\/wp\/v2\/users\/2"}],"replies":[{"embeddable":true,"href":"https:\/\/www.europesays.com\/ee\/wp-json\/wp\/v2\/comments?post=230543"}],"version-history":[{"count":0,"href":"https:\/\/www.europesays.com\/ee\/wp-json\/wp\/v2\/posts\/230543\/revisions"}],"wp:featuredmedia":[{"embeddable":true,"href":"https:\/\/www.europesays.com\/ee\/wp-json\/wp\/v2\/media\/230544"}],"wp:attachment":[{"href":"https:\/\/www.europesays.com\/ee\/wp-json\/wp\/v2\/media?parent=230543"}],"wp:term":[{"taxonomy":"category","embeddable":true,"href":"https:\/\/www.europesays.com\/ee\/wp-json\/wp\/v2\/categories?post=230543"},{"taxonomy":"post_tag","embeddable":true,"href":"https:\/\/www.europesays.com\/ee\/wp-json\/wp\/v2\/tags?post=230543"}],"curies":[{"name":"wp","href":"https:\/\/api.w.org\/{rel}","templated":true}]}}