{"id":230616,"date":"2026-07-17T18:40:10","date_gmt":"2026-07-17T18:40:10","guid":{"rendered":"https:\/\/www.europesays.com\/ee\/230616\/"},"modified":"2026-07-17T18:40:10","modified_gmt":"2026-07-17T18:40:10","slug":"jahimehed-alustasid-seakatku-ennetamiseks-drooniseiret-eesti","status":"publish","type":"post","link":"https:\/\/www.europesays.com\/ee\/230616\/","title":{"rendered":"Jahimehed alustasid seakatku ennetamiseks drooniseiret | Eesti"},"content":{"rendered":"<p>Eesti jahimehed said sigalate l\u00e4heduses liikuvate metssigade avastamiseks droonid. Seire eesm\u00e4rk on v\u00e4hendada Aafrika seakatku sigalasse kandumise riski. <\/p>\n<p>Rapla valla jahiseltsi juhatuse liige Ergo Viil on jahil k\u00e4inud \u00fcle 40 aasta. \u00c4sja tuli tal selgeks \u00f5ppida ka drooni juhtimine, sest \u00fcks viiest kliimaministeeriumi soetatud seiredroonist usaldati Raplamaa jahimeeste k\u00e4tte.<\/p>\n<p>Viil kinnitas, et vaatlusdroon on jahimehele v\u00e4ga t\u00f5hus abimees seakatku leviku peatamiseks.<\/p>\n<p>&#8220;N\u00e4iteks lennates p\u00f5ldude peal on selgelt \u00e4ra n\u00e4ha, kus on metssead k\u00e4inud, kus on jahimehe vaates k\u00f5ige magusamad kohad, kus tasuks k\u00f5rgistmeid panna, kuhu jahile minna \u00f5htul. Tal on peal infrapunakaamera, millega on v\u00f5imalik p\u00e4ris h\u00e4sti selgeks saada, kus loom on, ja siis tavakaamera zoomiga vaadata, mis loomaga tegemist on,&#8221; r\u00e4\u00e4kis Viil.<\/p>\n<p>Neljap\u00e4eva \u00f5htul Raplamaal Kuusiku l\u00e4histel tiirutades droon metssigu ei avastanud, k\u00fcll aga nende j\u00e4lgi, kuid rohkesti oli n\u00e4ha viljap\u00f5llul nosivaid kitsi.<\/p>\n<p>T\u00e4navu pole \u00fckski kodusiga Aafrika seakatku veel nakatunud, kuigi metsast on leitud \u00fcle saja viirusekandja metssea.<\/p>\n<p>P\u00f5llumajandus- ja toiduameti loomatervise valdkonnajuht Gerlin J\u00e4rvela m\u00e4rkis, et v\u00e4ga palju on t\u00e4navu panustatud bioturvalisusesse\u00a0ja tehtud koost\u00f6\u00f6d jahimeestega. &#8220;Ja n\u00fc\u00fcd on ka droonide meede kliimaministeeriumim poolt, kus siis sigalad ja seakasvatajad saavad tellida droonilende oma sigalate l\u00e4hedusse,&#8221; lisas ta.<\/p>\n<p>&#8220;Peame sealt sigalate \u00fcmbrusest need metssead ikkagi eemale saama. Kui need metssead ikkagi seal sigalate \u00fcmbruses on, see t\u00e4hendab, et see oht sigaletele on tohutult suur,&#8221; r\u00f5hutas J\u00e4rvela.<\/p>\n","protected":false},"excerpt":{"rendered":"Eesti jahimehed said sigalate l\u00e4heduses liikuvate metssigade avastamiseks droonid. Seire eesm\u00e4rk on v\u00e4hendada Aafrika seakatku sigalasse kandumise riski.&hellip;\n","protected":false},"author":2,"featured_media":230617,"comment_status":"","ping_status":"","sticky":false,"template":"","format":"standard","meta":{"footnotes":"","_share_on_mastodon":"0"},"categories":[12],"tags":[26,27,404,37,33,35,34,36,31,32,21,3914,28,29,19,25,6768,1397,23,24,22,20,30],"class_list":["post-230616","post","type-post","status-publish","format-standard","has-post-thumbnail","category-eesti","tag-breaking-news","tag-breakingnews","tag-droon","tag-ee","tag-eesti","tag-eesti-keel","tag-estonia","tag-estonian","tag-featured-news","tag-featurednews","tag-headlines","tag-jahimees","tag-latest-news","tag-latestnews","tag-news","tag-populaarseimad-lood","tag-sak","tag-sigade-aafrika-katk","tag-top-stories","tag-topstories","tag-uldised-uudised","tag-uudised","tag-viimased-uudised"],"share_on_mastodon":{"url":"https:\/\/pubeurope.com\/@ee\/116936784155626686","error":""},"_links":{"self":[{"href":"https:\/\/www.europesays.com\/ee\/wp-json\/wp\/v2\/posts\/230616","targetHints":{"allow":["GET"]}}],"collection":[{"href":"https:\/\/www.europesays.com\/ee\/wp-json\/wp\/v2\/posts"}],"about":[{"href":"https:\/\/www.europesays.com\/ee\/wp-json\/wp\/v2\/types\/post"}],"author":[{"embeddable":true,"href":"https:\/\/www.europesays.com\/ee\/wp-json\/wp\/v2\/users\/2"}],"replies":[{"embeddable":true,"href":"https:\/\/www.europesays.com\/ee\/wp-json\/wp\/v2\/comments?post=230616"}],"version-history":[{"count":0,"href":"https:\/\/www.europesays.com\/ee\/wp-json\/wp\/v2\/posts\/230616\/revisions"}],"wp:featuredmedia":[{"embeddable":true,"href":"https:\/\/www.europesays.com\/ee\/wp-json\/wp\/v2\/media\/230617"}],"wp:attachment":[{"href":"https:\/\/www.europesays.com\/ee\/wp-json\/wp\/v2\/media?parent=230616"}],"wp:term":[{"taxonomy":"category","embeddable":true,"href":"https:\/\/www.europesays.com\/ee\/wp-json\/wp\/v2\/categories?post=230616"},{"taxonomy":"post_tag","embeddable":true,"href":"https:\/\/www.europesays.com\/ee\/wp-json\/wp\/v2\/tags?post=230616"}],"curies":[{"name":"wp","href":"https:\/\/api.w.org\/{rel}","templated":true}]}}