{"id":230625,"date":"2026-07-17T18:52:32","date_gmt":"2026-07-17T18:52:32","guid":{"rendered":"https:\/\/www.europesays.com\/ee\/230625\/"},"modified":"2026-07-17T18:52:32","modified_gmt":"2026-07-17T18:52:32","slug":"ukraina-ajutiseks-kaitseministriks-sai-sbu-juhi-kohusetaitja-jevhen-hmara","status":"publish","type":"post","link":"https:\/\/www.europesays.com\/ee\/230625\/","title":{"rendered":"Ukraina ajutiseks kaitseministriks sai SBU juhi kohuset\u00e4itja Jevhen Hmara"},"content":{"rendered":"<p>Otsus nimetada Hmara uuele ametikohale j\u00e4rgnes laialdasele avalikkuse pahameelele, mille tingis <a rel=\"noopener nofollow\" target=\"_blank\" href=\"https:\/\/www.delfi.ee\/teema\/96864752\/mohhailo-fedorov\" tag-id=\"96864752\">M\u00f5hhailo Fedorovi<\/a> kaitseministri ametist tagandamine, vahendab Kyiv Independent.<\/p>\n<p>\u201eNiipea kui vajalikud juriidilised protseduurid on l\u00f5pule viidud, palun ma parlamendiliikmetel toetada Jevhen Hmara nimetamist kaitseministriks,\u201c lisas Zelensk\u00f5i.<\/p>\n<p>Enne SBU juhi kohuset\u00e4itjaks saamist juhtis Hmara SBU erioperatsioonide keskust Alfa, mis m\u00e4ngis keskset rolli Ukraina pikamaa-\u00f5hur\u00fcnnakute korraldamisel Venemaale. Hmara on tuntud Ukraina Ussisaare vabastamisoperatsiooni juhtimise poolest. Seni on ta tegutsenud pigem avalikkuse silme alt eemal.<\/p>\n<p>Hmara on omandanud laiaulatusliku ja mitmes m\u00f5ttes enneolematu kogemuse r\u00fcnnakuoperatsioonide l\u00e4biviimisel, \u00fctles Zelensk\u00f5i. Ta lisas, et Ukraina kaitse peaks keskenduma pikamaa r\u00fcndev\u00f5imekuste arendamisele.<\/p>\n<p>Varem \u00fctlesid Ukraina seadusandjad, et kaitseministri ametikohale on pakutud siseminister Ihor Kl\u00f5menkot. <\/p>\n<p>Kaitseministriks nimetamise korral peaks Hmara ametikoha SBU-s \u00fcle v\u00f5tma tema senine esimene aset\u00e4itja Oleksandr Poklad. Ukraina korruptsioonivastase v\u00f5itluse keskus ja teised aktivistid on s\u00fc\u00fcdistanud vastuolulise taustaga Pokladi poliitiliste s\u00fc\u00fcasjade lavastamises.<\/p>\n<p>Kuidas see lugu Sind end tundma pani? Saada <a href=\"https:\/\/www.delfi.ee\/artikkel\/120597774\/ukraina-ajutiseks-kaitseministriks-sai-sbu-juhi-kohusetaitja-jevhen-hmara\/kommentaarid\" class=\"article-body-bottom__comment article-body-bottom__comment--write button button--primary button--size-auto\" rel=\"nofollow noopener\" target=\"_blank\"> Kommenteeri <\/a><a href=\"https:\/\/www.delfi.ee\/artikkel\/120597774\/ukraina-ajutiseks-kaitseministriks-sai-sbu-juhi-kohusetaitja-jevhen-hmara\/kommentaarid\" class=\"article-body-bottom__comment article-body-bottom__comment--read button button--size-auto\" rel=\"nofollow noopener\" target=\"_blank\"> Loe kommentaare (11)<\/a><\/p>\n","protected":false},"excerpt":{"rendered":"Otsus nimetada Hmara uuele ametikohale j\u00e4rgnes laialdasele avalikkuse pahameelele, mille tingis M\u00f5hhailo Fedorovi kaitseministri ametist tagandamine, vahendab Kyiv&hellip;\n","protected":false},"author":2,"featured_media":230626,"comment_status":"","ping_status":"","sticky":false,"template":"","format":"standard","meta":{"footnotes":"","_share_on_mastodon":"0"},"categories":[5],"tags":[26,27,37,33,35,34,36,31,32,21,28,29,27833,19,25,7551,23,24,262,22,20,30,263],"class_list":["post-230625","post","type-post","status-publish","format-standard","has-post-thumbnail","category-uldised-uudised","tag-breaking-news","tag-breakingnews","tag-ee","tag-eesti","tag-eesti-keel","tag-estonia","tag-estonian","tag-featured-news","tag-featurednews","tag-headlines","tag-latest-news","tag-latestnews","tag-mohhailo-fedorov","tag-news","tag-populaarseimad-lood","tag-sbu","tag-top-stories","tag-topstories","tag-ukraina","tag-uldised-uudised","tag-uudised","tag-viimased-uudised","tag-volodomor-zelenskoi"],"share_on_mastodon":{"url":"https:\/\/pubeurope.com\/@ee\/116936831615446896","error":""},"_links":{"self":[{"href":"https:\/\/www.europesays.com\/ee\/wp-json\/wp\/v2\/posts\/230625","targetHints":{"allow":["GET"]}}],"collection":[{"href":"https:\/\/www.europesays.com\/ee\/wp-json\/wp\/v2\/posts"}],"about":[{"href":"https:\/\/www.europesays.com\/ee\/wp-json\/wp\/v2\/types\/post"}],"author":[{"embeddable":true,"href":"https:\/\/www.europesays.com\/ee\/wp-json\/wp\/v2\/users\/2"}],"replies":[{"embeddable":true,"href":"https:\/\/www.europesays.com\/ee\/wp-json\/wp\/v2\/comments?post=230625"}],"version-history":[{"count":0,"href":"https:\/\/www.europesays.com\/ee\/wp-json\/wp\/v2\/posts\/230625\/revisions"}],"wp:featuredmedia":[{"embeddable":true,"href":"https:\/\/www.europesays.com\/ee\/wp-json\/wp\/v2\/media\/230626"}],"wp:attachment":[{"href":"https:\/\/www.europesays.com\/ee\/wp-json\/wp\/v2\/media?parent=230625"}],"wp:term":[{"taxonomy":"category","embeddable":true,"href":"https:\/\/www.europesays.com\/ee\/wp-json\/wp\/v2\/categories?post=230625"},{"taxonomy":"post_tag","embeddable":true,"href":"https:\/\/www.europesays.com\/ee\/wp-json\/wp\/v2\/tags?post=230625"}],"curies":[{"name":"wp","href":"https:\/\/api.w.org\/{rel}","templated":true}]}}